{"id":157124,"date":"2021-02-28T06:31:31","date_gmt":"2021-02-28T10:31:31","guid":{"rendered":"https:\/\/mspontocom.com.br\/site\/?p=157124"},"modified":"2021-02-28T06:31:31","modified_gmt":"2021-02-28T10:31:31","slug":"ministerio-anuncia-implementacao-do-plano-de-enfrentamento-ao-feminicidio","status":"publish","type":"post","link":"https:\/\/mspontocom.com.br\/site\/ministerio-anuncia-implementacao-do-plano-de-enfrentamento-ao-feminicidio\/","title":{"rendered":"Minist\u00e9rio anuncia implementa\u00e7\u00e3o do Plano de Enfrentamento ao Feminic\u00eddio"},"content":{"rendered":"<p style=\"text-align: justify;\"><img loading=\"lazy\" class=\"alignnone size-full wp-image-157125\" src=\"https:\/\/mspontocom.com.br\/site\/wp-content\/uploads\/2021\/02\/site-ministerio-anuncia-implementacao-do-plano-de-enfrentamento-ao-feminicidio-dama1-e1614508239526.jpg\" alt=\"\" width=\"658\" height=\"430\" srcset=\"https:\/\/mspontocom.com.br\/site\/wp-content\/uploads\/2021\/02\/site-ministerio-anuncia-implementacao-do-plano-de-enfrentamento-ao-feminicidio-dama1-e1614508239526.jpg 658w, https:\/\/mspontocom.com.br\/site\/wp-content\/uploads\/2021\/02\/site-ministerio-anuncia-implementacao-do-plano-de-enfrentamento-ao-feminicidio-dama1-e1614508239526-260x170.jpg 260w\" sizes=\"(max-width: 658px) 100vw, 658px\" \/><\/p>\n<p style=\"text-align: justify;\">A ministra da Mulher, da Fam\u00edlia e dos Direitos Humanos, Damares Alves, anunciou a implementa\u00e7\u00e3o do Plano de Enfrentamento ao Feminic\u00eddio, que deve ocorrer em mar\u00e7o.<\/p>\n<p style=\"text-align: justify;\">A medida visa intensificar o combate \u00e0 viol\u00eancia contra a mulher.<\/p>\n<p style=\"text-align: justify;\">Segundo ela, o Ligue 180 registrou aumento de 39% no n\u00famero de den\u00fancias de agress\u00e3o contra mulheres no ano passado.<\/p>\n<p>Damares tamb\u00e9m afirmou que vai ampliar a rede de Casas da Mulher Brasileira, locais que re\u00fanem servi\u00e7os de prote\u00e7\u00e3o, como delegacia, psic\u00f3logos e acolhimento para quem foi v\u00edtima de viol\u00eancia.<\/p>\n<p style=\"text-align: justify;\">Atualmente, o Brasil possui apenas 7 espa\u00e7os como esse.<\/p>\n<p style=\"text-align: justify;\">A meta \u00e9 criar 27 novos centros ainda em 2021.<\/p>\n<p>Fonte: <a href=\"https:\/\/brasil61.com\/noticias\/damares-alves-anuncia-implementacao-do-plano-de-enfrentamento-ao-feminicidio-bras213907\" target=\"_blank\" rel=\"noopener\">Brasil 61<\/a><\/p>\n","protected":false},"excerpt":{"rendered":"<p>A ministra da Mulher, da Fam\u00edlia e dos Direitos Humanos, Damares Alves, anunciou a implementa\u00e7\u00e3o do Plano de Enfrentamento ao Feminic\u00eddio, que deve ocorrer em mar\u00e7o. A medida visa intensificar o combate \u00e0 viol\u00eancia contra a mulher. Segundo ela, o Ligue 180 registrou aumento de 39% no n\u00famero de den\u00fancias de agress\u00e3o contra mulheres no [&hellip;]<\/p>\n","protected":false},"author":2,"featured_media":157125,"comment_status":"open","ping_status":"open","sticky":false,"template":"","format":"standard","meta":{"_monsterinsights_skip_tracking":false,"_monsterinsights_sitenote_active":false,"_monsterinsights_sitenote_note":"","_monsterinsights_sitenote_category":0},"categories":[6,30260,30259],"tags":[35007,33978,31799,1348,23469],"aioseo_notices":[],"_links":{"self":[{"href":"https:\/\/mspontocom.com.br\/site\/wp-json\/wp\/v2\/posts\/157124"}],"collection":[{"href":"https:\/\/mspontocom.com.br\/site\/wp-json\/wp\/v2\/posts"}],"about":[{"href":"https:\/\/mspontocom.com.br\/site\/wp-json\/wp\/v2\/types\/post"}],"author":[{"embeddable":true,"href":"https:\/\/mspontocom.com.br\/site\/wp-json\/wp\/v2\/users\/2"}],"replies":[{"embeddable":true,"href":"https:\/\/mspontocom.com.br\/site\/wp-json\/wp\/v2\/comments?post=157124"}],"version-history":[{"count":1,"href":"https:\/\/mspontocom.com.br\/site\/wp-json\/wp\/v2\/posts\/157124\/revisions"}],"predecessor-version":[{"id":157126,"href":"https:\/\/mspontocom.com.br\/site\/wp-json\/wp\/v2\/posts\/157124\/revisions\/157126"}],"wp:featuredmedia":[{"embeddable":true,"href":"https:\/\/mspontocom.com.br\/site\/wp-json\/wp\/v2\/media\/157125"}],"wp:attachment":[{"href":"https:\/\/mspontocom.com.br\/site\/wp-json\/wp\/v2\/media?parent=157124"}],"wp:term":[{"taxonomy":"category","embeddable":true,"href":"https:\/\/mspontocom.com.br\/site\/wp-json\/wp\/v2\/categories?post=157124"},{"taxonomy":"post_tag","embeddable":true,"href":"https:\/\/mspontocom.com.br\/site\/wp-json\/wp\/v2\/tags?post=157124"}],"curies":[{"name":"wp","href":"https:\/\/api.w.org\/{rel}","templated":true}]}}