{"id":157133,"date":"2021-03-01T06:37:10","date_gmt":"2021-03-01T10:37:10","guid":{"rendered":"https:\/\/mspontocom.com.br\/site\/?p=157133"},"modified":"2021-03-01T06:37:10","modified_gmt":"2021-03-01T10:37:10","slug":"gilmar-compara-lava-jato-a-pcc-e-chama-procuradores-de-drogados","status":"publish","type":"post","link":"https:\/\/mspontocom.com.br\/site\/gilmar-compara-lava-jato-a-pcc-e-chama-procuradores-de-drogados\/","title":{"rendered":"Gilmar compara Lava Jato a PCC e chama procuradores de &#8220;drogados&#8221;"},"content":{"rendered":"<p style=\"text-align: justify;\"><img loading=\"lazy\" class=\"alignnone size-full wp-image-157153\" src=\"https:\/\/mspontocom.com.br\/site\/wp-content\/uploads\/2021\/03\/site-gilmar-compara-lava-jato-a-pcc-e-chama-procuradores-de-drogados-gil-e1614594970754.jpg\" alt=\"\" width=\"662\" height=\"314\" srcset=\"https:\/\/mspontocom.com.br\/site\/wp-content\/uploads\/2021\/03\/site-gilmar-compara-lava-jato-a-pcc-e-chama-procuradores-de-drogados-gil-e1614594970754.jpg 662w, https:\/\/mspontocom.com.br\/site\/wp-content\/uploads\/2021\/03\/site-gilmar-compara-lava-jato-a-pcc-e-chama-procuradores-de-drogados-gil-e1614594970754-260x123.jpg 260w\" sizes=\"(max-width: 662px) 100vw, 662px\" \/><\/p>\n<p style=\"text-align: justify;\">O ministro <strong>Gilmar Mendes<\/strong>, do Supremo Tribunal Federal, voltou a esculachar a for\u00e7a-tarefa da Lava Jato.<\/p>\n<p style=\"text-align: justify;\">Utilizou um linguajar que transforma em conversa de freira os ataques \u00e0 Suprema Corte que levaram o deputado Daniel Silveira \u00e0 pris\u00e3o.<\/p>\n<p style=\"text-align: justify;\">Gilmar j\u00e1 havia comparado a<strong> Lava Jato<\/strong> a um esquadr\u00e3o da morte no in\u00edcio de fevereiro.<\/p>\n<p style=\"text-align: justify;\">Em entrevista publicada neste domingo (28) no di\u00e1rio potiguar Tribuna do Norte, o ministro associou o grupo de procuradores de Curitiba ao <strong>nazifascismo<\/strong> e ao Primeiro Comando da Capital, o <strong>PCC,<\/strong> maior grupo criminoso em atua\u00e7\u00e3o no Brasil.<\/p>\n<p style=\"text-align: justify;\">Absteve-se de comentar a roubalheira desvendada pela Lava Jato de Curitiba e suas ramifica\u00e7\u00f5es: o assalto \u00e0 Petrobras, o conluio suprapartid\u00e1rio de pol\u00edticos corruptos com empreiteiras corruptoras, os mais de R$ 4 bilh\u00f5es devolvidos aos cofres p\u00fablicos, os confortos de<strong> Lula<\/strong> bancados por saqueadores do Estado.<\/p>\n<p style=\"text-align: justify;\">Gilmar faz mira contra a Lava Jato escorando-se nas mensagens roubadas por hackers dos celulares dos procuradores.<\/p>\n<p style=\"text-align: justify;\">Ao comentar o conte\u00fado das mensagens, Gilmar declarou ao jornal do Rio Grande do Norte que os membros da for\u00e7a-tarefa de Curitiba deveriam pedir desculpas. Sugeriu que reconhecessem que estavam <strong>&#8220;drogados.&#8221;<\/strong><\/p>\n","protected":false},"excerpt":{"rendered":"<p>O ministro Gilmar Mendes, do Supremo Tribunal Federal, voltou a esculachar a for\u00e7a-tarefa da Lava Jato. Utilizou um linguajar que transforma em conversa de freira os ataques \u00e0 Suprema Corte que levaram o deputado Daniel Silveira \u00e0 pris\u00e3o. Gilmar j\u00e1 havia comparado a Lava Jato a um esquadr\u00e3o da morte no in\u00edcio de fevereiro. Em [&hellip;]<\/p>\n","protected":false},"author":2,"featured_media":157153,"comment_status":"open","ping_status":"open","sticky":false,"template":"","format":"standard","meta":{"_monsterinsights_skip_tracking":false,"_monsterinsights_sitenote_active":false,"_monsterinsights_sitenote_note":"","_monsterinsights_sitenote_category":0},"categories":[30260,2528,30259],"tags":[37312,35644,37311,21419,4275],"aioseo_notices":[],"_links":{"self":[{"href":"https:\/\/mspontocom.com.br\/site\/wp-json\/wp\/v2\/posts\/157133"}],"collection":[{"href":"https:\/\/mspontocom.com.br\/site\/wp-json\/wp\/v2\/posts"}],"about":[{"href":"https:\/\/mspontocom.com.br\/site\/wp-json\/wp\/v2\/types\/post"}],"author":[{"embeddable":true,"href":"https:\/\/mspontocom.com.br\/site\/wp-json\/wp\/v2\/users\/2"}],"replies":[{"embeddable":true,"href":"https:\/\/mspontocom.com.br\/site\/wp-json\/wp\/v2\/comments?post=157133"}],"version-history":[{"count":2,"href":"https:\/\/mspontocom.com.br\/site\/wp-json\/wp\/v2\/posts\/157133\/revisions"}],"predecessor-version":[{"id":157154,"href":"https:\/\/mspontocom.com.br\/site\/wp-json\/wp\/v2\/posts\/157133\/revisions\/157154"}],"wp:featuredmedia":[{"embeddable":true,"href":"https:\/\/mspontocom.com.br\/site\/wp-json\/wp\/v2\/media\/157153"}],"wp:attachment":[{"href":"https:\/\/mspontocom.com.br\/site\/wp-json\/wp\/v2\/media?parent=157133"}],"wp:term":[{"taxonomy":"category","embeddable":true,"href":"https:\/\/mspontocom.com.br\/site\/wp-json\/wp\/v2\/categories?post=157133"},{"taxonomy":"post_tag","embeddable":true,"href":"https:\/\/mspontocom.com.br\/site\/wp-json\/wp\/v2\/tags?post=157133"}],"curies":[{"name":"wp","href":"https:\/\/api.w.org\/{rel}","templated":true}]}}