{"id":157135,"date":"2021-03-01T06:18:58","date_gmt":"2021-03-01T10:18:58","guid":{"rendered":"https:\/\/mspontocom.com.br\/site\/?p=157135"},"modified":"2021-03-01T06:18:58","modified_gmt":"2021-03-01T10:18:58","slug":"marina-silva-sugere-frente-pro-ciro-para-enfrentar-bolsonaro-em-2022","status":"publish","type":"post","link":"https:\/\/mspontocom.com.br\/site\/marina-silva-sugere-frente-pro-ciro-para-enfrentar-bolsonaro-em-2022\/","title":{"rendered":"Marina Silva sugere frente pr\u00f3-Ciro para enfrentar Bolsonaro em 2022"},"content":{"rendered":"<p style=\"text-align: justify;\"><img loading=\"lazy\" class=\"alignnone size-full wp-image-157149\" src=\"https:\/\/mspontocom.com.br\/site\/wp-content\/uploads\/2021\/03\/site-marina-silva-sugere-frente-pro-ciro-para-disputar-contra-bolsonaro-ciro-e1614593827447.jpg\" alt=\"\" width=\"1598\" height=\"984\" srcset=\"https:\/\/mspontocom.com.br\/site\/wp-content\/uploads\/2021\/03\/site-marina-silva-sugere-frente-pro-ciro-para-disputar-contra-bolsonaro-ciro-e1614593827447.jpg 1598w, https:\/\/mspontocom.com.br\/site\/wp-content\/uploads\/2021\/03\/site-marina-silva-sugere-frente-pro-ciro-para-disputar-contra-bolsonaro-ciro-e1614593827447-260x160.jpg 260w, https:\/\/mspontocom.com.br\/site\/wp-content\/uploads\/2021\/03\/site-marina-silva-sugere-frente-pro-ciro-para-disputar-contra-bolsonaro-ciro-e1614593827447-768x473.jpg 768w, https:\/\/mspontocom.com.br\/site\/wp-content\/uploads\/2021\/03\/site-marina-silva-sugere-frente-pro-ciro-para-disputar-contra-bolsonaro-ciro-e1614593827447-1024x631.jpg 1024w\" sizes=\"(max-width: 1598px) 100vw, 1598px\" \/>Depois de receber 1% dos votos em 2018 na sua terceira tentativa de chegar \u00e0 <strong>Presid\u00eancia da Rep\u00fablica,<\/strong> a ex-ministra e ex-senadora <strong>Marina Silva<\/strong> (Rede),\u00a0 diz n\u00e3o ter planos de se lan\u00e7ar em uma nova disputa em 2022.<\/p>\n<p style=\"text-align: justify;\">Sua milit\u00e2ncia virtual, por\u00e9m, segue intensa. Ela faz palestras e lidera os debates do partido que criou, a Rede Sustentabilidade. Atualmente, a legenda elabora estrat\u00e9gias para sobreviver \u00e0 cl\u00e1usula de barreira no ano que vem.<\/p>\n<p style=\"text-align: justify;\">No precoce tabuleiro eleitoral que se formou, Marina sinaliza apoio a <strong>Ciro Gomes<\/strong> (PDT) como o mais forte para quebrar a polariza\u00e7\u00e3o entre o PT e o presidente <strong>Jair Bolsonaro<\/strong>, embora diga que, antes de nomes, o mais importante \u00e9 discutir projetos<\/p>\n<p style=\"text-align: justify;\">O mais importante \u00e9 discutir qual \u00e9 o projeto. Eu participo de um campo do qual fazem parte PDT, PV, PSB, Rede e o Cidadania, que tem sido convidado., disse.<\/p>\n<p style=\"text-align: justify;\"><span style=\"color: #ff0000;\">&#8220;O Ciro Gomes tem legitimidade, compet\u00eancia e capacidade para se colocar, mas eu acho que ele pr\u00f3prio n\u00e3o est\u00e1 trabalhando com essa ideia de terceira via. Queremos uma primeira via.&#8221;<\/span> , finalizou<\/p>\n<p style=\"text-align: justify;\">\n<p style=\"text-align: justify;\">fonte: Trecho de entrevista a Pedro Venceslau, UOL<\/p>\n","protected":false},"excerpt":{"rendered":"<p>Depois de receber 1% dos votos em 2018 na sua terceira tentativa de chegar \u00e0 Presid\u00eancia da Rep\u00fablica, a ex-ministra e ex-senadora Marina Silva (Rede),\u00a0 diz n\u00e3o ter planos de se lan\u00e7ar em uma nova disputa em 2022. Sua milit\u00e2ncia virtual, por\u00e9m, segue intensa. Ela faz palestras e lidera os debates do partido que criou, [&hellip;]<\/p>\n","protected":false},"author":2,"featured_media":157149,"comment_status":"open","ping_status":"open","sticky":false,"template":"","format":"standard","meta":{"_monsterinsights_skip_tracking":false,"_monsterinsights_sitenote_active":false,"_monsterinsights_sitenote_note":"","_monsterinsights_sitenote_category":0},"categories":[30260,30259,12],"tags":[33214,21017,22031,37310,6153],"aioseo_notices":[],"_links":{"self":[{"href":"https:\/\/mspontocom.com.br\/site\/wp-json\/wp\/v2\/posts\/157135"}],"collection":[{"href":"https:\/\/mspontocom.com.br\/site\/wp-json\/wp\/v2\/posts"}],"about":[{"href":"https:\/\/mspontocom.com.br\/site\/wp-json\/wp\/v2\/types\/post"}],"author":[{"embeddable":true,"href":"https:\/\/mspontocom.com.br\/site\/wp-json\/wp\/v2\/users\/2"}],"replies":[{"embeddable":true,"href":"https:\/\/mspontocom.com.br\/site\/wp-json\/wp\/v2\/comments?post=157135"}],"version-history":[{"count":2,"href":"https:\/\/mspontocom.com.br\/site\/wp-json\/wp\/v2\/posts\/157135\/revisions"}],"predecessor-version":[{"id":157150,"href":"https:\/\/mspontocom.com.br\/site\/wp-json\/wp\/v2\/posts\/157135\/revisions\/157150"}],"wp:featuredmedia":[{"embeddable":true,"href":"https:\/\/mspontocom.com.br\/site\/wp-json\/wp\/v2\/media\/157149"}],"wp:attachment":[{"href":"https:\/\/mspontocom.com.br\/site\/wp-json\/wp\/v2\/media?parent=157135"}],"wp:term":[{"taxonomy":"category","embeddable":true,"href":"https:\/\/mspontocom.com.br\/site\/wp-json\/wp\/v2\/categories?post=157135"},{"taxonomy":"post_tag","embeddable":true,"href":"https:\/\/mspontocom.com.br\/site\/wp-json\/wp\/v2\/tags?post=157135"}],"curies":[{"name":"wp","href":"https:\/\/api.w.org\/{rel}","templated":true}]}}