{"id":157371,"date":"2021-03-07T06:41:22","date_gmt":"2021-03-07T10:41:22","guid":{"rendered":"https:\/\/mspontocom.com.br\/site\/?p=157371"},"modified":"2021-03-07T07:50:13","modified_gmt":"2021-03-07T11:50:13","slug":"grade-de-programacao-da-globo-pode-acelerar-decisao-de-huck-sobre-2022","status":"publish","type":"post","link":"https:\/\/mspontocom.com.br\/site\/grade-de-programacao-da-globo-pode-acelerar-decisao-de-huck-sobre-2022\/","title":{"rendered":"Grade de programa\u00e7\u00e3o da Globo pode acelerar decis\u00e3o de Huck sobre 2022"},"content":{"rendered":"<p style=\"text-align: justify;\"><img loading=\"lazy\" class=\"alignnone size-full wp-image-157381\" src=\"https:\/\/mspontocom.com.br\/site\/wp-content\/uploads\/2021\/03\/site-grade-de-programacao-da-globo-pode-acelerar-decisao-de-huck-sobre-2022-huck-candidato-a-presidente-1-e1615117727753.jpg\" alt=\"\" width=\"559\" height=\"259\" srcset=\"https:\/\/mspontocom.com.br\/site\/wp-content\/uploads\/2021\/03\/site-grade-de-programacao-da-globo-pode-acelerar-decisao-de-huck-sobre-2022-huck-candidato-a-presidente-1-e1615117727753.jpg 559w, https:\/\/mspontocom.com.br\/site\/wp-content\/uploads\/2021\/03\/site-grade-de-programacao-da-globo-pode-acelerar-decisao-de-huck-sobre-2022-huck-candidato-a-presidente-1-e1615117727753-260x120.jpg 260w\" sizes=\"(max-width: 559px) 100vw, 559px\" \/><\/p>\n<p style=\"text-align: justify;\">Em seu c\u00e1lculo para uma poss\u00edvel candidatura \u00e0 Presid\u00eancia da Rep\u00fablica em 2022, o apresentador e empres\u00e1rio <strong>Luciano Huck<\/strong> se equilibra entre o calend\u00e1rio de longo prazo estabelecido pelo Tribunal Superior Eleitoral\u00a0 e outro mais curto envolvendo uma decis\u00e3o na esfera profissional.<\/p>\n<p style=\"text-align: justify;\">O apresentador da <strong>TV Globo<\/strong>\u00a0tem dividido sua agenda entre a produ\u00e7\u00e3o do\u00a0<em>Caldeir\u00e3o do Huck<\/em>, principal atra\u00e7\u00e3o dos s\u00e1bados da emissora, &#8216;lives&#8217; na internet para debater o cen\u00e1rio nacional, encontros com l\u00edderes pol\u00edticos e empresariais e artigos para a imprensa.<\/p>\n<p style=\"text-align: justify;\">Diante desta atua\u00e7\u00e3o em m\u00faltiplas frentes, dirigentes partid\u00e1rios e operadores do mercado publicit\u00e1rio aguardam sinais mais claros sobre as inten\u00e7\u00f5es do apresentador. Este sinal pode vir at\u00e9 junho deste ano, quando a TV Globo deve definir sua futura grade de programa\u00e7\u00e3o.<\/p>\n<p style=\"text-align: justify;\">O principal patrocinador do programa\u00a0<em>Caldeir\u00e3o do Huck<\/em>\u00a0\u00e9 a rede <strong>Magazine Luiza<\/strong>, da empres\u00e1ria Luiza Trajano, que tamb\u00e9m vem sendo assediada por partidos\u00a0para entrar na disputa presidencial em 2022<\/p>\n<p style=\"text-align: justify;\">No c\u00e1lculo para uma eventual candidatura ao Pal\u00e1cio do Planalto s\u00e3o levadas em conta por aliados de Huck fus\u00f5es de legendas e um arranjo que sustente a proposta de um centro liberal e democr\u00e1tico, capaz de se contrapor \u00e0 polariza\u00e7\u00e3o entre bolsonaristas e petistas. Desde o ano passado, ao menos quatro partidos j\u00e1 sondaram o global.<\/p>\n<p>&nbsp;<\/p>\n<p>fonte: O Estado<\/p>\n","protected":false},"excerpt":{"rendered":"<p>Em seu c\u00e1lculo para uma poss\u00edvel candidatura \u00e0 Presid\u00eancia da Rep\u00fablica em 2022, o apresentador e empres\u00e1rio Luciano Huck se equilibra entre o calend\u00e1rio de longo prazo estabelecido pelo Tribunal Superior Eleitoral\u00a0 e outro mais curto envolvendo uma decis\u00e3o na esfera profissional. O apresentador da TV Globo\u00a0tem dividido sua agenda entre a produ\u00e7\u00e3o do\u00a0Caldeir\u00e3o do [&hellip;]<\/p>\n","protected":false},"author":2,"featured_media":157381,"comment_status":"open","ping_status":"open","sticky":false,"template":"","format":"standard","meta":{"_monsterinsights_skip_tracking":false,"_monsterinsights_sitenote_active":false,"_monsterinsights_sitenote_note":"","_monsterinsights_sitenote_category":0},"categories":[30260,30259,12],"tags":[2473,501,37367,30816,583],"aioseo_notices":[],"_links":{"self":[{"href":"https:\/\/mspontocom.com.br\/site\/wp-json\/wp\/v2\/posts\/157371"}],"collection":[{"href":"https:\/\/mspontocom.com.br\/site\/wp-json\/wp\/v2\/posts"}],"about":[{"href":"https:\/\/mspontocom.com.br\/site\/wp-json\/wp\/v2\/types\/post"}],"author":[{"embeddable":true,"href":"https:\/\/mspontocom.com.br\/site\/wp-json\/wp\/v2\/users\/2"}],"replies":[{"embeddable":true,"href":"https:\/\/mspontocom.com.br\/site\/wp-json\/wp\/v2\/comments?post=157371"}],"version-history":[{"count":2,"href":"https:\/\/mspontocom.com.br\/site\/wp-json\/wp\/v2\/posts\/157371\/revisions"}],"predecessor-version":[{"id":157382,"href":"https:\/\/mspontocom.com.br\/site\/wp-json\/wp\/v2\/posts\/157371\/revisions\/157382"}],"wp:featuredmedia":[{"embeddable":true,"href":"https:\/\/mspontocom.com.br\/site\/wp-json\/wp\/v2\/media\/157381"}],"wp:attachment":[{"href":"https:\/\/mspontocom.com.br\/site\/wp-json\/wp\/v2\/media?parent=157371"}],"wp:term":[{"taxonomy":"category","embeddable":true,"href":"https:\/\/mspontocom.com.br\/site\/wp-json\/wp\/v2\/categories?post=157371"},{"taxonomy":"post_tag","embeddable":true,"href":"https:\/\/mspontocom.com.br\/site\/wp-json\/wp\/v2\/tags?post=157371"}],"curies":[{"name":"wp","href":"https:\/\/api.w.org\/{rel}","templated":true}]}}