{"id":157421,"date":"2021-03-09T04:49:28","date_gmt":"2021-03-09T08:49:28","guid":{"rendered":"https:\/\/mspontocom.com.br\/site\/?p=157421"},"modified":"2021-03-09T05:14:47","modified_gmt":"2021-03-09T09:14:47","slug":"brasil-e-muito-maior-do-que-lula-e-bolsonaro-diz-doria","status":"publish","type":"post","link":"https:\/\/mspontocom.com.br\/site\/brasil-e-muito-maior-do-que-lula-e-bolsonaro-diz-doria\/","title":{"rendered":"&#8220;Brasil \u00e9 muito maior do que Lula e Bolsonaro&#8221;, diz Doria"},"content":{"rendered":"<p style=\"text-align: justify;\"><img loading=\"lazy\" class=\"alignnone size-full wp-image-157422\" src=\"https:\/\/mspontocom.com.br\/site\/wp-content\/uploads\/2021\/03\/site-brasil-e-muito-maior-do-que-lula-e-bolsonaro-diz-doria-bolsonaro-lula-doria-e1615281224148.jpg\" alt=\"\" width=\"621\" height=\"310\" srcset=\"https:\/\/mspontocom.com.br\/site\/wp-content\/uploads\/2021\/03\/site-brasil-e-muito-maior-do-que-lula-e-bolsonaro-diz-doria-bolsonaro-lula-doria-e1615281224148.jpg 621w, https:\/\/mspontocom.com.br\/site\/wp-content\/uploads\/2021\/03\/site-brasil-e-muito-maior-do-que-lula-e-bolsonaro-diz-doria-bolsonaro-lula-doria-e1615281224148-260x130.jpg 260w\" sizes=\"(max-width: 621px) 100vw, 621px\" \/><\/p>\n<p style=\"text-align: justify;\">O governador de S\u00e3o Paulo, Jo\u00e3o Doria (PSDB), dissee que a polariza\u00e7\u00e3o favorece os extremistas, mas que o Brasil \u00e9 &#8220;muito maior do que Lula e Bolsonaro&#8221;.<\/p>\n<p style=\"text-align: justify;\">A rea\u00e7\u00e3o de Doria ocorreu atrav\u00e9s das redes sociais, pouco tempo depois da not\u00edcia de que o ministro Edson Fachin, do STF, anulou todas as condena\u00e7\u00f5es do ex-presidente Luiz In\u00e1cio Lula da Silva (PT) pela Justi\u00e7a do Paran\u00e1.<\/p>\n<p style=\"text-align: justify;\"><strong>&#8220;Bolsonaristas radicais propagam a ideia de que ser contr\u00e1rio ao presidente [Bolsonaro] \u00e9 ser favor\u00e1vel a Lula, e vice-versa. A polariza\u00e7\u00e3o favorece os extremistas, que destroem o pa\u00eds. O Brasil \u00e9 muito maior do que Lula e Bolsonaro&#8221;<\/strong>, disse ele.<\/p>\n<p style=\"text-align: justify;\">O governador Jo\u00e3o Doria \u00e9 apontado como prov\u00e1vel candidato \u00e0 Presid\u00eancia em 2022, mas o tucano sofre resist\u00eancia dentro do pr\u00f3prio partido.<\/p>\n","protected":false},"excerpt":{"rendered":"<p>O governador de S\u00e3o Paulo, Jo\u00e3o Doria (PSDB), dissee que a polariza\u00e7\u00e3o favorece os extremistas, mas que o Brasil \u00e9 &#8220;muito maior do que Lula e Bolsonaro&#8221;. A rea\u00e7\u00e3o de Doria ocorreu atrav\u00e9s das redes sociais, pouco tempo depois da not\u00edcia de que o ministro Edson Fachin, do STF, anulou todas as condena\u00e7\u00f5es do ex-presidente [&hellip;]<\/p>\n","protected":false},"author":2,"featured_media":157422,"comment_status":"open","ping_status":"open","sticky":false,"template":"","format":"standard","meta":{"_monsterinsights_skip_tracking":false,"_monsterinsights_sitenote_active":false,"_monsterinsights_sitenote_note":"","_monsterinsights_sitenote_category":0},"categories":[30260,30259,12],"tags":[21017,30254,28181,480],"aioseo_notices":[],"_links":{"self":[{"href":"https:\/\/mspontocom.com.br\/site\/wp-json\/wp\/v2\/posts\/157421"}],"collection":[{"href":"https:\/\/mspontocom.com.br\/site\/wp-json\/wp\/v2\/posts"}],"about":[{"href":"https:\/\/mspontocom.com.br\/site\/wp-json\/wp\/v2\/types\/post"}],"author":[{"embeddable":true,"href":"https:\/\/mspontocom.com.br\/site\/wp-json\/wp\/v2\/users\/2"}],"replies":[{"embeddable":true,"href":"https:\/\/mspontocom.com.br\/site\/wp-json\/wp\/v2\/comments?post=157421"}],"version-history":[{"count":1,"href":"https:\/\/mspontocom.com.br\/site\/wp-json\/wp\/v2\/posts\/157421\/revisions"}],"predecessor-version":[{"id":157423,"href":"https:\/\/mspontocom.com.br\/site\/wp-json\/wp\/v2\/posts\/157421\/revisions\/157423"}],"wp:featuredmedia":[{"embeddable":true,"href":"https:\/\/mspontocom.com.br\/site\/wp-json\/wp\/v2\/media\/157422"}],"wp:attachment":[{"href":"https:\/\/mspontocom.com.br\/site\/wp-json\/wp\/v2\/media?parent=157421"}],"wp:term":[{"taxonomy":"category","embeddable":true,"href":"https:\/\/mspontocom.com.br\/site\/wp-json\/wp\/v2\/categories?post=157421"},{"taxonomy":"post_tag","embeddable":true,"href":"https:\/\/mspontocom.com.br\/site\/wp-json\/wp\/v2\/tags?post=157421"}],"curies":[{"name":"wp","href":"https:\/\/api.w.org\/{rel}","templated":true}]}}