{"id":157454,"date":"2021-03-10T05:31:44","date_gmt":"2021-03-10T09:31:44","guid":{"rendered":"https:\/\/mspontocom.com.br\/site\/?p=157454"},"modified":"2021-03-10T05:31:44","modified_gmt":"2021-03-10T09:31:44","slug":"decisao-de-fachin-sobre-lula-senado-pede-instauracao-da-cpi-da-lava-toga","status":"publish","type":"post","link":"https:\/\/mspontocom.com.br\/site\/decisao-de-fachin-sobre-lula-senado-pede-instauracao-da-cpi-da-lava-toga\/","title":{"rendered":"Decis\u00e3o de Fachin sobre Lula: Senado pede instaura\u00e7\u00e3o da CPI da Lava Toga"},"content":{"rendered":"<p style=\"text-align: justify;\"><img loading=\"lazy\" class=\"alignnone size-full wp-image-157455\" src=\"https:\/\/mspontocom.com.br\/site\/wp-content\/uploads\/2021\/03\/site-decisao-de-fachin-sobre-lula-senado-pede-instauracao-da-cpi-da-lava-toga-cpi-lava-toga-4ab6c7da-e1615368637241.png\" alt=\"\" width=\"784\" height=\"402\" srcset=\"https:\/\/mspontocom.com.br\/site\/wp-content\/uploads\/2021\/03\/site-decisao-de-fachin-sobre-lula-senado-pede-instauracao-da-cpi-da-lava-toga-cpi-lava-toga-4ab6c7da-e1615368637241.png 784w, https:\/\/mspontocom.com.br\/site\/wp-content\/uploads\/2021\/03\/site-decisao-de-fachin-sobre-lula-senado-pede-instauracao-da-cpi-da-lava-toga-cpi-lava-toga-4ab6c7da-e1615368637241-260x133.png 260w, https:\/\/mspontocom.com.br\/site\/wp-content\/uploads\/2021\/03\/site-decisao-de-fachin-sobre-lula-senado-pede-instauracao-da-cpi-da-lava-toga-cpi-lava-toga-4ab6c7da-e1615368637241-768x394.png 768w\" sizes=\"(max-width: 784px) 100vw, 784px\" \/>Em pronunciamento nesta ter\u00e7a-feira (9), o senador Eduardo Gir\u00e3o (Podemos-CE) criticou a decis\u00e3o do ministro Edson Fachin, do Supremo Tribunal Federal (STF), de anular as condena\u00e7\u00f5es do ex-presidente Luiz In\u00e1cio Lula da Silva.<\/p>\n<p style=\"text-align: justify;\">O parlamentar disse que, se n\u00e3o existisse a pandemia do coronav\u00edrus, certamente haveria uma multid\u00e3o protestando na frente do STF.<\/p>\n<p style=\"text-align: justify;\">Gir\u00e3o pediu a instaura\u00e7\u00e3o da chamada CPI da Lava Toga e conclamou o Senado a \u201cassumir as suas responsabilidades\u201d e analisar \u201cind\u00edcios graves\u201d contra ministros do Supremo.<\/p>\n<p style=\"text-align: justify;\">\u00a0Por \u00faltimo, Gir\u00e3o afirmou que os brasileiros n\u00e3o devem perder a esperan\u00e7a na justi\u00e7a, apesar das \u201cdecep\u00e7\u00f5es que se multiplicam\u201d.<\/p>\n<p>&nbsp;<\/p>\n<p>( Com informa\u00e7\u00f5es Ag\u00eancia Senado)<\/p>\n","protected":false},"excerpt":{"rendered":"<p>Em pronunciamento nesta ter\u00e7a-feira (9), o senador Eduardo Gir\u00e3o (Podemos-CE) criticou a decis\u00e3o do ministro Edson Fachin, do Supremo Tribunal Federal (STF), de anular as condena\u00e7\u00f5es do ex-presidente Luiz In\u00e1cio Lula da Silva. O parlamentar disse que, se n\u00e3o existisse a pandemia do coronav\u00edrus, certamente haveria uma multid\u00e3o protestando na frente do STF. Gir\u00e3o pediu [&hellip;]<\/p>\n","protected":false},"author":2,"featured_media":157455,"comment_status":"open","ping_status":"open","sticky":false,"template":"","format":"standard","meta":{"_monsterinsights_skip_tracking":false,"_monsterinsights_sitenote_active":false,"_monsterinsights_sitenote_note":"","_monsterinsights_sitenote_category":0},"categories":[30260,2528,30259],"tags":[33300,4381,3908,21908,480,914],"aioseo_notices":[],"_links":{"self":[{"href":"https:\/\/mspontocom.com.br\/site\/wp-json\/wp\/v2\/posts\/157454"}],"collection":[{"href":"https:\/\/mspontocom.com.br\/site\/wp-json\/wp\/v2\/posts"}],"about":[{"href":"https:\/\/mspontocom.com.br\/site\/wp-json\/wp\/v2\/types\/post"}],"author":[{"embeddable":true,"href":"https:\/\/mspontocom.com.br\/site\/wp-json\/wp\/v2\/users\/2"}],"replies":[{"embeddable":true,"href":"https:\/\/mspontocom.com.br\/site\/wp-json\/wp\/v2\/comments?post=157454"}],"version-history":[{"count":1,"href":"https:\/\/mspontocom.com.br\/site\/wp-json\/wp\/v2\/posts\/157454\/revisions"}],"predecessor-version":[{"id":157456,"href":"https:\/\/mspontocom.com.br\/site\/wp-json\/wp\/v2\/posts\/157454\/revisions\/157456"}],"wp:featuredmedia":[{"embeddable":true,"href":"https:\/\/mspontocom.com.br\/site\/wp-json\/wp\/v2\/media\/157455"}],"wp:attachment":[{"href":"https:\/\/mspontocom.com.br\/site\/wp-json\/wp\/v2\/media?parent=157454"}],"wp:term":[{"taxonomy":"category","embeddable":true,"href":"https:\/\/mspontocom.com.br\/site\/wp-json\/wp\/v2\/categories?post=157454"},{"taxonomy":"post_tag","embeddable":true,"href":"https:\/\/mspontocom.com.br\/site\/wp-json\/wp\/v2\/tags?post=157454"}],"curies":[{"name":"wp","href":"https:\/\/api.w.org\/{rel}","templated":true}]}}