{"id":157573,"date":"2021-03-13T06:16:55","date_gmt":"2021-03-13T10:16:55","guid":{"rendered":"https:\/\/mspontocom.com.br\/site\/?p=157573"},"modified":"2021-03-13T06:16:55","modified_gmt":"2021-03-13T10:16:55","slug":"com-decisao-do-cabo-eleitoral-fachin-doria-ja-admite-disputar-reeleicao-em-sao-paulo","status":"publish","type":"post","link":"https:\/\/mspontocom.com.br\/site\/com-decisao-do-cabo-eleitoral-fachin-doria-ja-admite-disputar-reeleicao-em-sao-paulo\/","title":{"rendered":"Com decis\u00e3o do cabo eleitoral Fachin, Doria j\u00e1 admite disputar reelei\u00e7\u00e3o em S\u00e3o Paulo"},"content":{"rendered":"<p><img loading=\"lazy\" class=\"size-full wp-image-157574\" src=\"https:\/\/mspontocom.com.br\/site\/wp-content\/uploads\/2021\/03\/site-com-lula-no-pareo-doria-ja-admite-disputar-reeleicao-em-sao-paulo-doria-e1615630415107.jpg\" alt=\"\" width=\"883\" height=\"623\" srcset=\"https:\/\/mspontocom.com.br\/site\/wp-content\/uploads\/2021\/03\/site-com-lula-no-pareo-doria-ja-admite-disputar-reeleicao-em-sao-paulo-doria-e1615630415107.jpg 883w, https:\/\/mspontocom.com.br\/site\/wp-content\/uploads\/2021\/03\/site-com-lula-no-pareo-doria-ja-admite-disputar-reeleicao-em-sao-paulo-doria-e1615630415107-260x183.jpg 260w, https:\/\/mspontocom.com.br\/site\/wp-content\/uploads\/2021\/03\/site-com-lula-no-pareo-doria-ja-admite-disputar-reeleicao-em-sao-paulo-doria-e1615630415107-768x542.jpg 768w\" sizes=\"(max-width: 883px) 100vw, 883px\" \/><\/p>\n<p style=\"text-align: justify;\">O governador Jo\u00e3o Doria (PSDB) admite agora abrir m\u00e3o do projeto presidencial para concorrer a mais um mandato no comando do Estado em 2022.<\/p>\n<p style=\"text-align: justify;\">Em recente conversa com o\u00a0<strong>Estad\u00e3o<\/strong>, Doria foi questionado se mantinha a determina\u00e7\u00e3o de n\u00e3o concorrer a mais quatro anos no Pal\u00e1cio dos Bandeirantes.<\/p>\n<p style=\"text-align: justify;\">\u201cDiante deste novo quadro da pol\u00edtica brasileira, nada deve ser descartado\u201d, respondeu o governador. \u00c9 a primeira vez que o tucano admite a hip\u00f3tese claramente.<\/p>\n<p style=\"text-align: justify;\">No fato mais recente, a anula\u00e7\u00e3o das condena\u00e7\u00f5es impostas ao ex-presidente Lula\u00a0na Lava Jato \u2013 que restabeleceu seus direitos pol\u00edticos \u2013 projeta uma polariza\u00e7\u00e3o entre ele e o presidente Jair Bolsonaro em 2022, o que tende a estreitar o espa\u00e7o para candidaturas.<\/p>\n<p style=\"text-align: justify;\">Nas mais recentes pesquisas sobre o cen\u00e1rio eleitoral de 2022, Doria aparece em desvantagem em rela\u00e7\u00e3o aos mais cotados para chegar a um eventual segundo turno.<\/p>\n<p>&nbsp;<\/p>\n<p>foto: Ag\u00eancia Brasil<\/p>\n","protected":false},"excerpt":{"rendered":"<p>O governador Jo\u00e3o Doria (PSDB) admite agora abrir m\u00e3o do projeto presidencial para concorrer a mais um mandato no comando do Estado em 2022. Em recente conversa com o\u00a0Estad\u00e3o, Doria foi questionado se mantinha a determina\u00e7\u00e3o de n\u00e3o concorrer a mais quatro anos no Pal\u00e1cio dos Bandeirantes. \u201cDiante deste novo quadro da pol\u00edtica brasileira, nada [&hellip;]<\/p>\n","protected":false},"author":2,"featured_media":157574,"comment_status":"open","ping_status":"open","sticky":false,"template":"","format":"standard","meta":{"_monsterinsights_skip_tracking":false,"_monsterinsights_sitenote_active":false,"_monsterinsights_sitenote_note":"","_monsterinsights_sitenote_category":0},"categories":[30260,30259,12],"tags":[37425,28181,21908,480,37424,11436,201],"aioseo_notices":[],"_links":{"self":[{"href":"https:\/\/mspontocom.com.br\/site\/wp-json\/wp\/v2\/posts\/157573"}],"collection":[{"href":"https:\/\/mspontocom.com.br\/site\/wp-json\/wp\/v2\/posts"}],"about":[{"href":"https:\/\/mspontocom.com.br\/site\/wp-json\/wp\/v2\/types\/post"}],"author":[{"embeddable":true,"href":"https:\/\/mspontocom.com.br\/site\/wp-json\/wp\/v2\/users\/2"}],"replies":[{"embeddable":true,"href":"https:\/\/mspontocom.com.br\/site\/wp-json\/wp\/v2\/comments?post=157573"}],"version-history":[{"count":1,"href":"https:\/\/mspontocom.com.br\/site\/wp-json\/wp\/v2\/posts\/157573\/revisions"}],"predecessor-version":[{"id":157575,"href":"https:\/\/mspontocom.com.br\/site\/wp-json\/wp\/v2\/posts\/157573\/revisions\/157575"}],"wp:featuredmedia":[{"embeddable":true,"href":"https:\/\/mspontocom.com.br\/site\/wp-json\/wp\/v2\/media\/157574"}],"wp:attachment":[{"href":"https:\/\/mspontocom.com.br\/site\/wp-json\/wp\/v2\/media?parent=157573"}],"wp:term":[{"taxonomy":"category","embeddable":true,"href":"https:\/\/mspontocom.com.br\/site\/wp-json\/wp\/v2\/categories?post=157573"},{"taxonomy":"post_tag","embeddable":true,"href":"https:\/\/mspontocom.com.br\/site\/wp-json\/wp\/v2\/tags?post=157573"}],"curies":[{"name":"wp","href":"https:\/\/api.w.org\/{rel}","templated":true}]}}