{"id":157603,"date":"2021-03-14T08:33:26","date_gmt":"2021-03-14T12:33:26","guid":{"rendered":"https:\/\/mspontocom.com.br\/site\/?p=157603"},"modified":"2021-03-14T08:33:26","modified_gmt":"2021-03-14T12:33:26","slug":"mesmo-com-recuo-psdb-acredita-que-doria-esta-focado-em-conseguir-planalto","status":"publish","type":"post","link":"https:\/\/mspontocom.com.br\/site\/mesmo-com-recuo-psdb-acredita-que-doria-esta-focado-em-conseguir-planalto\/","title":{"rendered":"Mesmo com recuo, PSDB acredita que Doria est\u00e1 focado em conseguir Planalto"},"content":{"rendered":"<div id=\"attachment_157604\" style=\"width: 984px\" class=\"wp-caption alignnone\"><img aria-describedby=\"caption-attachment-157604\" loading=\"lazy\" class=\"size-full wp-image-157604\" src=\"https:\/\/mspontocom.com.br\/site\/wp-content\/uploads\/2021\/03\/site-mesmo-com-recuo-p-acreditam-que-doria-esta-focado-em-conseguir-planalto-doria-e1615725099185.jpg\" alt=\"\" width=\"974\" height=\"582\" srcset=\"https:\/\/mspontocom.com.br\/site\/wp-content\/uploads\/2021\/03\/site-mesmo-com-recuo-p-acreditam-que-doria-esta-focado-em-conseguir-planalto-doria-e1615725099185.jpg 974w, https:\/\/mspontocom.com.br\/site\/wp-content\/uploads\/2021\/03\/site-mesmo-com-recuo-p-acreditam-que-doria-esta-focado-em-conseguir-planalto-doria-e1615725099185-260x155.jpg 260w, https:\/\/mspontocom.com.br\/site\/wp-content\/uploads\/2021\/03\/site-mesmo-com-recuo-p-acreditam-que-doria-esta-focado-em-conseguir-planalto-doria-e1615725099185-768x459.jpg 768w\" sizes=\"(max-width: 974px) 100vw, 974px\" \/><p id=\"caption-attachment-157604\" class=\"wp-caption-text\"><span style=\"text-align: justify; font-size: 16px;\">O governador de S\u00e3o Paulo, Jo\u00e3o Doria\u00a0(PSDB), disse em entrevista publicada pelo jornal\u00a0<\/span><em style=\"text-align: justify; font-size: 16px;\">Estado de S\u00e3o Paulo<\/em><span style=\"text-align: justify; font-size: 16px;\">\u00a0neste s\u00e1bado (13) que pode disputar a reelei\u00e7\u00e3o ao governo estadual em 2022.<\/span><\/p><\/div>\n<p style=\"text-align: justify;\">A declara\u00e7\u00e3o contrasta com os movimentos recentes do governador, que vem tentando ser candidato \u00e0 Presid\u00eancia da Rep\u00fablica em 2022.<\/p>\n<p style=\"text-align: justify;\">Apesar disso, a leitura dentro do PSDB e do c\u00edrculo pr\u00f3ximo do governador \u00e9 que ele ainda tem o Pal\u00e1cio do Planalto como prioridade e desejo principal.<\/p>\n<p style=\"text-align: justify;\">O presidente nacional do PSDB, Bruno Ara\u00fajo, refor\u00e7a a ideia de que Doria \u00e9 uma das op\u00e7\u00f5es do partido para a sucess\u00e3o de Jair Bolsonaro.<\/p>\n<p style=\"text-align: justify;\">&#8220;Ainda ontem vi total disposi\u00e7\u00e3o do governador Doria em seguir no projeto da pr\u00e9 candidatura a presidente&#8221;, afirmou.<\/p>\n","protected":false},"excerpt":{"rendered":"<p>A declara\u00e7\u00e3o contrasta com os movimentos recentes do governador, que vem tentando ser candidato \u00e0 Presid\u00eancia da Rep\u00fablica em 2022. Apesar disso, a leitura dentro do PSDB e do c\u00edrculo pr\u00f3ximo do governador \u00e9 que ele ainda tem o Pal\u00e1cio do Planalto como prioridade e desejo principal. O presidente nacional do PSDB, Bruno Ara\u00fajo, refor\u00e7a [&hellip;]<\/p>\n","protected":false},"author":2,"featured_media":157604,"comment_status":"open","ping_status":"open","sticky":false,"template":"","format":"standard","meta":{"_monsterinsights_skip_tracking":false,"_monsterinsights_sitenote_active":false,"_monsterinsights_sitenote_note":"","_monsterinsights_sitenote_category":0},"categories":[30260,30259,12],"tags":[28181,3258,532,24410],"aioseo_notices":[],"_links":{"self":[{"href":"https:\/\/mspontocom.com.br\/site\/wp-json\/wp\/v2\/posts\/157603"}],"collection":[{"href":"https:\/\/mspontocom.com.br\/site\/wp-json\/wp\/v2\/posts"}],"about":[{"href":"https:\/\/mspontocom.com.br\/site\/wp-json\/wp\/v2\/types\/post"}],"author":[{"embeddable":true,"href":"https:\/\/mspontocom.com.br\/site\/wp-json\/wp\/v2\/users\/2"}],"replies":[{"embeddable":true,"href":"https:\/\/mspontocom.com.br\/site\/wp-json\/wp\/v2\/comments?post=157603"}],"version-history":[{"count":1,"href":"https:\/\/mspontocom.com.br\/site\/wp-json\/wp\/v2\/posts\/157603\/revisions"}],"predecessor-version":[{"id":157605,"href":"https:\/\/mspontocom.com.br\/site\/wp-json\/wp\/v2\/posts\/157603\/revisions\/157605"}],"wp:featuredmedia":[{"embeddable":true,"href":"https:\/\/mspontocom.com.br\/site\/wp-json\/wp\/v2\/media\/157604"}],"wp:attachment":[{"href":"https:\/\/mspontocom.com.br\/site\/wp-json\/wp\/v2\/media?parent=157603"}],"wp:term":[{"taxonomy":"category","embeddable":true,"href":"https:\/\/mspontocom.com.br\/site\/wp-json\/wp\/v2\/categories?post=157603"},{"taxonomy":"post_tag","embeddable":true,"href":"https:\/\/mspontocom.com.br\/site\/wp-json\/wp\/v2\/tags?post=157603"}],"curies":[{"name":"wp","href":"https:\/\/api.w.org\/{rel}","templated":true}]}}