{"id":157647,"date":"2021-03-16T06:09:58","date_gmt":"2021-03-16T10:09:58","guid":{"rendered":"https:\/\/mspontocom.com.br\/site\/?p=157647"},"modified":"2021-03-16T06:09:58","modified_gmt":"2021-03-16T10:09:58","slug":"stj-abre-edital-de-r-53-milhoes-para-escolta-armada-de-seus-ministros","status":"publish","type":"post","link":"https:\/\/mspontocom.com.br\/site\/stj-abre-edital-de-r-53-milhoes-para-escolta-armada-de-seus-ministros\/","title":{"rendered":"STJ abre edital de R$ 53 milh\u00f5es para escolta armada de seus ministros"},"content":{"rendered":"<p style=\"text-align: justify;\"><img loading=\"lazy\" class=\"alignnone size-full wp-image-157648\" src=\"https:\/\/mspontocom.com.br\/site\/wp-content\/uploads\/2021\/03\/site-stj-abre-edital-de-r-53-milhoes-para-escolta-armada-de-seus-ministros-justica-e1615889330141.jpg\" alt=\"\" width=\"589\" height=\"353\" srcset=\"https:\/\/mspontocom.com.br\/site\/wp-content\/uploads\/2021\/03\/site-stj-abre-edital-de-r-53-milhoes-para-escolta-armada-de-seus-ministros-justica-e1615889330141.jpg 589w, https:\/\/mspontocom.com.br\/site\/wp-content\/uploads\/2021\/03\/site-stj-abre-edital-de-r-53-milhoes-para-escolta-armada-de-seus-ministros-justica-e1615889330141-260x156.jpg 260w\" sizes=\"(max-width: 589px) 100vw, 589px\" \/><\/p>\n<p style=\"text-align: justify;\">O Superior Tribunal de Justi\u00e7a (STJ) abriu nesta segunda-feira, 15, uma licita\u00e7\u00e3o de R$ 53 milh\u00f5es para a contrata\u00e7\u00e3o de servi\u00e7os de\u00a0seguran\u00e7a dos ministros. A Corte conta com 33 magistrados.<\/p>\n<p style=\"text-align: justify;\">A finalidade, segundo o edital, \u00e9 a \u2018seguran\u00e7a pessoal, escolta e condu\u00e7\u00e3o de ve\u00edculos oficiais\u2019 em Bras\u00edlia, S\u00e3o Paulo e Rio de Janeiro.<\/p>\n<p style=\"text-align: justify;\">Ao todo, s\u00e3o previstos 185 postos de trabalho no contrato com vig\u00eancia de 20 meses.<\/p>\n<p style=\"text-align: justify;\">\u201cTrata-se de servi\u00e7o essencial para a Administra\u00e7\u00e3o visando assegurar a necess\u00e1ria seguran\u00e7a nos postos de resid\u00eancia dos senhores ministros, bem como a condu\u00e7\u00e3o dos ve\u00edculos oficiais de representa\u00e7\u00e3o de suas excel\u00eancias\u201d, diz a justificativa do preg\u00e3o.<\/p>\n<p style=\"text-align: justify;\">A \u00faltima licita\u00e7\u00e3o para o servi\u00e7o custou R$ 28 milh\u00f5es.<\/p>\n<p style=\"text-align: justify;\">Na ocasi\u00e3o, o tribunal contratou 168 profissionais de seguran\u00e7a por um per\u00edodo de 12 meses.<\/p>\n<p>&nbsp;<\/p>\n<p>fontes:\u00a0Rayssa Motta e Fausto Macedo, O Estado<\/p>\n","protected":false},"excerpt":{"rendered":"<p>O Superior Tribunal de Justi\u00e7a (STJ) abriu nesta segunda-feira, 15, uma licita\u00e7\u00e3o de R$ 53 milh\u00f5es para a contrata\u00e7\u00e3o de servi\u00e7os de\u00a0seguran\u00e7a dos ministros. A Corte conta com 33 magistrados. A finalidade, segundo o edital, \u00e9 a \u2018seguran\u00e7a pessoal, escolta e condu\u00e7\u00e3o de ve\u00edculos oficiais\u2019 em Bras\u00edlia, S\u00e3o Paulo e Rio de Janeiro. Ao todo, [&hellip;]<\/p>\n","protected":false},"author":2,"featured_media":157648,"comment_status":"open","ping_status":"open","sticky":false,"template":"","format":"standard","meta":{"_monsterinsights_skip_tracking":false,"_monsterinsights_sitenote_active":false,"_monsterinsights_sitenote_note":"","_monsterinsights_sitenote_category":0},"categories":[30260,2528,30259],"tags":[125,587,1375,16133,1122],"aioseo_notices":[],"_links":{"self":[{"href":"https:\/\/mspontocom.com.br\/site\/wp-json\/wp\/v2\/posts\/157647"}],"collection":[{"href":"https:\/\/mspontocom.com.br\/site\/wp-json\/wp\/v2\/posts"}],"about":[{"href":"https:\/\/mspontocom.com.br\/site\/wp-json\/wp\/v2\/types\/post"}],"author":[{"embeddable":true,"href":"https:\/\/mspontocom.com.br\/site\/wp-json\/wp\/v2\/users\/2"}],"replies":[{"embeddable":true,"href":"https:\/\/mspontocom.com.br\/site\/wp-json\/wp\/v2\/comments?post=157647"}],"version-history":[{"count":1,"href":"https:\/\/mspontocom.com.br\/site\/wp-json\/wp\/v2\/posts\/157647\/revisions"}],"predecessor-version":[{"id":157649,"href":"https:\/\/mspontocom.com.br\/site\/wp-json\/wp\/v2\/posts\/157647\/revisions\/157649"}],"wp:featuredmedia":[{"embeddable":true,"href":"https:\/\/mspontocom.com.br\/site\/wp-json\/wp\/v2\/media\/157648"}],"wp:attachment":[{"href":"https:\/\/mspontocom.com.br\/site\/wp-json\/wp\/v2\/media?parent=157647"}],"wp:term":[{"taxonomy":"category","embeddable":true,"href":"https:\/\/mspontocom.com.br\/site\/wp-json\/wp\/v2\/categories?post=157647"},{"taxonomy":"post_tag","embeddable":true,"href":"https:\/\/mspontocom.com.br\/site\/wp-json\/wp\/v2\/tags?post=157647"}],"curies":[{"name":"wp","href":"https:\/\/api.w.org\/{rel}","templated":true}]}}