{"id":157650,"date":"2021-03-16T06:17:18","date_gmt":"2021-03-16T10:17:18","guid":{"rendered":"https:\/\/mspontocom.com.br\/site\/?p=157650"},"modified":"2021-03-16T06:17:18","modified_gmt":"2021-03-16T10:17:18","slug":"lula-escala-wellington-dias-para-pontes-com-doria-e-governadores","status":"publish","type":"post","link":"https:\/\/mspontocom.com.br\/site\/lula-escala-wellington-dias-para-pontes-com-doria-e-governadores\/","title":{"rendered":"Lula escala Wellington Dias para pontes com Doria e governadores"},"content":{"rendered":"<p style=\"text-align: justify;\"><img loading=\"lazy\" class=\"alignnone size-full wp-image-157651\" src=\"https:\/\/mspontocom.com.br\/site\/wp-content\/uploads\/2021\/03\/site-lula-escala-wellington-dias-para-pontes-com-doria-e-governadores-lula-doria-e1615889791663.jpg\" alt=\"\" width=\"1149\" height=\"594\" srcset=\"https:\/\/mspontocom.com.br\/site\/wp-content\/uploads\/2021\/03\/site-lula-escala-wellington-dias-para-pontes-com-doria-e-governadores-lula-doria-e1615889791663.jpg 1149w, https:\/\/mspontocom.com.br\/site\/wp-content\/uploads\/2021\/03\/site-lula-escala-wellington-dias-para-pontes-com-doria-e-governadores-lula-doria-e1615889791663-260x134.jpg 260w, https:\/\/mspontocom.com.br\/site\/wp-content\/uploads\/2021\/03\/site-lula-escala-wellington-dias-para-pontes-com-doria-e-governadores-lula-doria-e1615889791663-768x397.jpg 768w, https:\/\/mspontocom.com.br\/site\/wp-content\/uploads\/2021\/03\/site-lula-escala-wellington-dias-para-pontes-com-doria-e-governadores-lula-doria-e1615889791663-1024x529.jpg 1024w\" sizes=\"(max-width: 1149px) 100vw, 1149px\" \/>O governador Wellington Dias<strong>\u00a0(PT)<\/strong>, do Piau\u00ed, ser\u00e1 o emiss\u00e1rio do ex-presidente Lula\u00a0nas conversas com o PSDB e outros partidos do centro.<\/p>\n<p style=\"text-align: justify;\">A estrat\u00e9gia do PT \u00e9 encontrar \u201cum lugar para Lula na crise sanit\u00e1ria\u201d.<\/p>\n<p style=\"text-align: justify;\">\u201c\u00c9 hora de dar os bra\u00e7os ao Jo\u00e3o Doria , ao Eduardo leite, independente de\u00a0<strong>2022<\/strong>. \u00c9 a hora de os l\u00edderes demonstrarem grandeza\u201d, afirmou Dias ao\u00a0<strong>Estad\u00e3o<\/strong>, sobre os governadores tucanos de S\u00e3o Paulo e do Rio Grande do Sul.<\/p>\n<p style=\"text-align: justify;\">Para conseguir romper o espectro da esquerda onde estava relegado nos \u00faltimos anos, o petismo n\u00e3o poupa, agora, elogios \u00e0 atua\u00e7\u00e3o de Doria na pandemia.<\/p>\n<p style=\"text-align: justify;\">Wellington Dias afirmou: \u201cO papel dele \u00e9 important\u00edssimo. Se n\u00e3o fosse o governador Doria, n\u00e3o ter\u00edamos vacina\u00e7\u00e3o. S\u00e3o do Butantan\u00a0cerca de 8 milh\u00f5es das 12 milh\u00f5es de vacina aplicadas at\u00e9 agora no Brasil.\u201d<\/p>\n","protected":false},"excerpt":{"rendered":"<p>O governador Wellington Dias\u00a0(PT), do Piau\u00ed, ser\u00e1 o emiss\u00e1rio do ex-presidente Lula\u00a0nas conversas com o PSDB e outros partidos do centro. A estrat\u00e9gia do PT \u00e9 encontrar \u201cum lugar para Lula na crise sanit\u00e1ria\u201d. \u201c\u00c9 hora de dar os bra\u00e7os ao Jo\u00e3o Doria , ao Eduardo leite, independente de\u00a02022. \u00c9 a hora de os l\u00edderes [&hellip;]<\/p>\n","protected":false},"author":2,"featured_media":157651,"comment_status":"open","ping_status":"open","sticky":false,"template":"","format":"standard","meta":{"_monsterinsights_skip_tracking":false,"_monsterinsights_sitenote_active":false,"_monsterinsights_sitenote_note":"","_monsterinsights_sitenote_category":0},"categories":[30260,30259,12],"tags":[28181,480,37443],"aioseo_notices":[],"_links":{"self":[{"href":"https:\/\/mspontocom.com.br\/site\/wp-json\/wp\/v2\/posts\/157650"}],"collection":[{"href":"https:\/\/mspontocom.com.br\/site\/wp-json\/wp\/v2\/posts"}],"about":[{"href":"https:\/\/mspontocom.com.br\/site\/wp-json\/wp\/v2\/types\/post"}],"author":[{"embeddable":true,"href":"https:\/\/mspontocom.com.br\/site\/wp-json\/wp\/v2\/users\/2"}],"replies":[{"embeddable":true,"href":"https:\/\/mspontocom.com.br\/site\/wp-json\/wp\/v2\/comments?post=157650"}],"version-history":[{"count":1,"href":"https:\/\/mspontocom.com.br\/site\/wp-json\/wp\/v2\/posts\/157650\/revisions"}],"predecessor-version":[{"id":157652,"href":"https:\/\/mspontocom.com.br\/site\/wp-json\/wp\/v2\/posts\/157650\/revisions\/157652"}],"wp:featuredmedia":[{"embeddable":true,"href":"https:\/\/mspontocom.com.br\/site\/wp-json\/wp\/v2\/media\/157651"}],"wp:attachment":[{"href":"https:\/\/mspontocom.com.br\/site\/wp-json\/wp\/v2\/media?parent=157650"}],"wp:term":[{"taxonomy":"category","embeddable":true,"href":"https:\/\/mspontocom.com.br\/site\/wp-json\/wp\/v2\/categories?post=157650"},{"taxonomy":"post_tag","embeddable":true,"href":"https:\/\/mspontocom.com.br\/site\/wp-json\/wp\/v2\/tags?post=157650"}],"curies":[{"name":"wp","href":"https:\/\/api.w.org\/{rel}","templated":true}]}}