{"id":157682,"date":"2021-03-17T05:54:40","date_gmt":"2021-03-17T09:54:40","guid":{"rendered":"https:\/\/mspontocom.com.br\/site\/?p=157682"},"modified":"2021-03-17T07:03:39","modified_gmt":"2021-03-17T11:03:39","slug":"governo-tenta-garantir-na-justica-direito-de-celebrar-o-31-de-marco-de-1964","status":"publish","type":"post","link":"https:\/\/mspontocom.com.br\/site\/governo-tenta-garantir-na-justica-direito-de-celebrar-o-31-de-marco-de-1964\/","title":{"rendered":"Governo tenta garantir na Justi\u00e7a direito de celebrar o 31 de mar\u00e7o de 1964"},"content":{"rendered":"<p style=\"text-align: justify;\"><img loading=\"lazy\" class=\"alignnone size-full wp-image-157683\" src=\"https:\/\/mspontocom.com.br\/site\/wp-content\/uploads\/2021\/03\/site-governo-tenta-garantir-na-justica-direito-de-celebrar-o-31-de-marco-de-1964-ditadura-e-bolsonaro-e1615978941917.jpg\" alt=\"\" width=\"1041\" height=\"723\" srcset=\"https:\/\/mspontocom.com.br\/site\/wp-content\/uploads\/2021\/03\/site-governo-tenta-garantir-na-justica-direito-de-celebrar-o-31-de-marco-de-1964-ditadura-e-bolsonaro-e1615978941917.jpg 1041w, https:\/\/mspontocom.com.br\/site\/wp-content\/uploads\/2021\/03\/site-governo-tenta-garantir-na-justica-direito-de-celebrar-o-31-de-marco-de-1964-ditadura-e-bolsonaro-e1615978941917-260x181.jpg 260w, https:\/\/mspontocom.com.br\/site\/wp-content\/uploads\/2021\/03\/site-governo-tenta-garantir-na-justica-direito-de-celebrar-o-31-de-marco-de-1964-ditadura-e-bolsonaro-e1615978941917-768x533.jpg 768w, https:\/\/mspontocom.com.br\/site\/wp-content\/uploads\/2021\/03\/site-governo-tenta-garantir-na-justica-direito-de-celebrar-o-31-de-marco-de-1964-ditadura-e-bolsonaro-e1615978941917-1024x711.jpg 1024w\" sizes=\"(max-width: 1041px) 100vw, 1041px\" \/>Est\u00e1 pautado para julgamento nesta quarta-feira (17) o recurso da Uni\u00e3o para que o governo e as For\u00e7as Armadas\u00a0possam realizar atividades alusivas ao movimento de 1964.<\/p>\n<p style=\"text-align: justify;\">A ju\u00edza da 5\u00aa Vara Federal do Rio Grande do Norte, Moniky Mayara Costa Fonseca, determinou, ainda em 2020, a retirada da publica\u00e7\u00e3o do site do minist\u00e9rio argumentando que o texto exaltava o \u201cMovimento de 1964\u201d.<\/p>\n<p style=\"text-align: justify;\">A Uni\u00e3o recorreu da decis\u00e3o ao Tribunal Regional Federal da 5\u00aa Regi\u00e3o.<\/p>\n<p style=\"text-align: justify;\">Al\u00e9m de argumentos t\u00e9cnicos a Advocacia-Geral da Uni\u00e3o (AGU) defendeu o direito do governo de celebrar a data.<\/p>\n<p style=\"text-align: justify;\"><strong>\u201cCom efeito, o que a presente demanda procura fazer \u00e9 negar a discuss\u00e3o sobre qualquer perspectiva da hist\u00f3ria do Brasil, o que seria um contrassenso em ambientes democr\u00e1ticos, visto que o Estado Democr\u00e1tico de Direito\u00a0 pressup\u00f5e o pluralismo de ideais e projetos&#8221;<\/strong>.\u00a0 diz a nota.<\/p>\n","protected":false},"excerpt":{"rendered":"<p>Est\u00e1 pautado para julgamento nesta quarta-feira (17) o recurso da Uni\u00e3o para que o governo e as For\u00e7as Armadas\u00a0possam realizar atividades alusivas ao movimento de 1964. A ju\u00edza da 5\u00aa Vara Federal do Rio Grande do Norte, Moniky Mayara Costa Fonseca, determinou, ainda em 2020, a retirada da publica\u00e7\u00e3o do site do minist\u00e9rio argumentando que [&hellip;]<\/p>\n","protected":false},"author":2,"featured_media":157683,"comment_status":"open","ping_status":"open","sticky":false,"template":"","format":"standard","meta":{"_monsterinsights_skip_tracking":false,"_monsterinsights_sitenote_active":false,"_monsterinsights_sitenote_note":"","_monsterinsights_sitenote_category":0},"categories":[2528,30259],"tags":[37454,37453,21720,78,1350],"aioseo_notices":[],"_links":{"self":[{"href":"https:\/\/mspontocom.com.br\/site\/wp-json\/wp\/v2\/posts\/157682"}],"collection":[{"href":"https:\/\/mspontocom.com.br\/site\/wp-json\/wp\/v2\/posts"}],"about":[{"href":"https:\/\/mspontocom.com.br\/site\/wp-json\/wp\/v2\/types\/post"}],"author":[{"embeddable":true,"href":"https:\/\/mspontocom.com.br\/site\/wp-json\/wp\/v2\/users\/2"}],"replies":[{"embeddable":true,"href":"https:\/\/mspontocom.com.br\/site\/wp-json\/wp\/v2\/comments?post=157682"}],"version-history":[{"count":1,"href":"https:\/\/mspontocom.com.br\/site\/wp-json\/wp\/v2\/posts\/157682\/revisions"}],"predecessor-version":[{"id":157684,"href":"https:\/\/mspontocom.com.br\/site\/wp-json\/wp\/v2\/posts\/157682\/revisions\/157684"}],"wp:featuredmedia":[{"embeddable":true,"href":"https:\/\/mspontocom.com.br\/site\/wp-json\/wp\/v2\/media\/157683"}],"wp:attachment":[{"href":"https:\/\/mspontocom.com.br\/site\/wp-json\/wp\/v2\/media?parent=157682"}],"wp:term":[{"taxonomy":"category","embeddable":true,"href":"https:\/\/mspontocom.com.br\/site\/wp-json\/wp\/v2\/categories?post=157682"},{"taxonomy":"post_tag","embeddable":true,"href":"https:\/\/mspontocom.com.br\/site\/wp-json\/wp\/v2\/tags?post=157682"}],"curies":[{"name":"wp","href":"https:\/\/api.w.org\/{rel}","templated":true}]}}