{"id":157719,"date":"2021-03-18T06:09:18","date_gmt":"2021-03-18T10:09:18","guid":{"rendered":"https:\/\/mspontocom.com.br\/site\/?p=157719"},"modified":"2021-03-18T06:09:18","modified_gmt":"2021-03-18T10:09:18","slug":"lula-pede-ajuda-a-biden-para-vacinas-no-brasil","status":"publish","type":"post","link":"https:\/\/mspontocom.com.br\/site\/lula-pede-ajuda-a-biden-para-vacinas-no-brasil\/","title":{"rendered":"Lula pede ajuda a Biden para vacinas no Brasil"},"content":{"rendered":"<p style=\"text-align: justify;\"><img loading=\"lazy\" class=\"alignnone size-full wp-image-157720\" src=\"https:\/\/mspontocom.com.br\/site\/wp-content\/uploads\/2021\/03\/site-lula-pede-ajuda-a-biden-para-vacinas-no-brasil-lula-biden-e1616062102963.jpeg\" alt=\"\" width=\"1188\" height=\"624\" srcset=\"https:\/\/mspontocom.com.br\/site\/wp-content\/uploads\/2021\/03\/site-lula-pede-ajuda-a-biden-para-vacinas-no-brasil-lula-biden-e1616062102963.jpeg 1188w, https:\/\/mspontocom.com.br\/site\/wp-content\/uploads\/2021\/03\/site-lula-pede-ajuda-a-biden-para-vacinas-no-brasil-lula-biden-e1616062102963-260x137.jpeg 260w, https:\/\/mspontocom.com.br\/site\/wp-content\/uploads\/2021\/03\/site-lula-pede-ajuda-a-biden-para-vacinas-no-brasil-lula-biden-e1616062102963-768x403.jpeg 768w, https:\/\/mspontocom.com.br\/site\/wp-content\/uploads\/2021\/03\/site-lula-pede-ajuda-a-biden-para-vacinas-no-brasil-lula-biden-e1616062102963-1024x538.jpeg 1024w\" sizes=\"(max-width: 1188px) 100vw, 1188px\" \/>O ex-presidente Luiz In\u00e1cio Lula da Silva sugeriu\u00a0 que o presidente Joe Biden, dos Estados Unidos, doe parte do estoque excedente de vacinas contra a covid-19 ao Brasil.<\/p>\n<p style=\"text-align: justify;\">A declara\u00e7\u00e3o foi dada em entrevista \u00e0 CNN americana.<\/p>\n<p style=\"text-align: justify;\">&#8220;Eu sei que os EUA t\u00eam estoque de vacinas e que n\u00e3o v\u00e3o usar todas. Talvez essas doses de vacina possam ser doadas ao Brasil ou pa\u00edses mais pobres que n\u00e3o podem pagar por ela&#8221;, disse Lula.<\/p>\n<p style=\"text-align: justify;\">&#8220;Uma sugest\u00e3o que eu gostaria de fazer ao Biden \u00e9 convocar uma reuni\u00e3o do G20. \u00c9 urgente chamar os principais l\u00edderes mundiais e colocar na mesa um s\u00f3 assunto: vacina, vacina, vacina&#8221;.<\/p>\n<p style=\"text-align: justify;\">Na entrevista, Lula tamb\u00e9m diz estar direcionando o pedido a Biden porque n\u00e3o acredita no governo de Jair Bolsonaro .<\/p>\n","protected":false},"excerpt":{"rendered":"<p>O ex-presidente Luiz In\u00e1cio Lula da Silva sugeriu\u00a0 que o presidente Joe Biden, dos Estados Unidos, doe parte do estoque excedente de vacinas contra a covid-19 ao Brasil. A declara\u00e7\u00e3o foi dada em entrevista \u00e0 CNN americana. &#8220;Eu sei que os EUA t\u00eam estoque de vacinas e que n\u00e3o v\u00e3o usar todas. Talvez essas doses [&hellip;]<\/p>\n","protected":false},"author":2,"featured_media":157720,"comment_status":"open","ping_status":"open","sticky":false,"template":"","format":"standard","meta":{"_monsterinsights_skip_tracking":false,"_monsterinsights_sitenote_active":false,"_monsterinsights_sitenote_note":"","_monsterinsights_sitenote_category":0},"categories":[30260,7,30259],"tags":[7909,35986,480,19194],"aioseo_notices":[],"_links":{"self":[{"href":"https:\/\/mspontocom.com.br\/site\/wp-json\/wp\/v2\/posts\/157719"}],"collection":[{"href":"https:\/\/mspontocom.com.br\/site\/wp-json\/wp\/v2\/posts"}],"about":[{"href":"https:\/\/mspontocom.com.br\/site\/wp-json\/wp\/v2\/types\/post"}],"author":[{"embeddable":true,"href":"https:\/\/mspontocom.com.br\/site\/wp-json\/wp\/v2\/users\/2"}],"replies":[{"embeddable":true,"href":"https:\/\/mspontocom.com.br\/site\/wp-json\/wp\/v2\/comments?post=157719"}],"version-history":[{"count":1,"href":"https:\/\/mspontocom.com.br\/site\/wp-json\/wp\/v2\/posts\/157719\/revisions"}],"predecessor-version":[{"id":157721,"href":"https:\/\/mspontocom.com.br\/site\/wp-json\/wp\/v2\/posts\/157719\/revisions\/157721"}],"wp:featuredmedia":[{"embeddable":true,"href":"https:\/\/mspontocom.com.br\/site\/wp-json\/wp\/v2\/media\/157720"}],"wp:attachment":[{"href":"https:\/\/mspontocom.com.br\/site\/wp-json\/wp\/v2\/media?parent=157719"}],"wp:term":[{"taxonomy":"category","embeddable":true,"href":"https:\/\/mspontocom.com.br\/site\/wp-json\/wp\/v2\/categories?post=157719"},{"taxonomy":"post_tag","embeddable":true,"href":"https:\/\/mspontocom.com.br\/site\/wp-json\/wp\/v2\/tags?post=157719"}],"curies":[{"name":"wp","href":"https:\/\/api.w.org\/{rel}","templated":true}]}}