{"id":157750,"date":"2021-03-18T13:22:20","date_gmt":"2021-03-18T17:22:20","guid":{"rendered":"https:\/\/mspontocom.com.br\/site\/?p=157750"},"modified":"2021-03-18T13:22:20","modified_gmt":"2021-03-18T17:22:20","slug":"bolsonaro-diz-que-um-ministro-do-stf-tornou-elegivel-um-dos-maiores-bandidos-do-brasil","status":"publish","type":"post","link":"https:\/\/mspontocom.com.br\/site\/bolsonaro-diz-que-um-ministro-do-stf-tornou-elegivel-um-dos-maiores-bandidos-do-brasil\/","title":{"rendered":"Bolsonaro diz que um ministro do STF tornou eleg\u00edvel um dos\u00a0\u201cmaiores bandidos do Brasil\u201d."},"content":{"rendered":"<p><img loading=\"lazy\" class=\"alignnone size-full wp-image-157751\" src=\"https:\/\/mspontocom.com.br\/site\/wp-content\/uploads\/2021\/03\/site-bolsonaro-diz-que-um-ministro-do-stf-tornou-elegivel-um-dosmaiores-bandidos-do-brasil-lulabolsonaro1-e1616088076851.jpeg\" alt=\"\" width=\"1078\" height=\"652\" srcset=\"https:\/\/mspontocom.com.br\/site\/wp-content\/uploads\/2021\/03\/site-bolsonaro-diz-que-um-ministro-do-stf-tornou-elegivel-um-dosmaiores-bandidos-do-brasil-lulabolsonaro1-e1616088076851.jpeg 1078w, https:\/\/mspontocom.com.br\/site\/wp-content\/uploads\/2021\/03\/site-bolsonaro-diz-que-um-ministro-do-stf-tornou-elegivel-um-dosmaiores-bandidos-do-brasil-lulabolsonaro1-e1616088076851-260x157.jpeg 260w, https:\/\/mspontocom.com.br\/site\/wp-content\/uploads\/2021\/03\/site-bolsonaro-diz-que-um-ministro-do-stf-tornou-elegivel-um-dosmaiores-bandidos-do-brasil-lulabolsonaro1-e1616088076851-768x465.jpeg 768w, https:\/\/mspontocom.com.br\/site\/wp-content\/uploads\/2021\/03\/site-bolsonaro-diz-que-um-ministro-do-stf-tornou-elegivel-um-dosmaiores-bandidos-do-brasil-lulabolsonaro1-e1616088076851-1024x619.jpeg 1024w\" sizes=\"(max-width: 1078px) 100vw, 1078px\" \/>O presidente Jair Bolsonaro\u00a0 atacou o ex-presidente Lula, sem mencionar seu nome.<\/p>\n<p>Disse que um ministro do STF\u00a0 tornou eleg\u00edvel um dos\u00a0<strong><em>\u201cmaiores bandidos do Brasil\u201d<\/em>.<\/strong><\/p>\n<p>O presidente tamb\u00e9m disse que a pandemia no Brasil\u00a0<em>\u201cvirou uma guerra\u201d<\/em>\u00a0contra ele.<\/p>\n<p>Afirmou que o pa\u00eds est\u00e1 em uma luta ferrenha visando \u00e0s elei\u00e7\u00f5es de 2022.<\/p>\n<p>O chefe do Executivo falou que as mortes por causa da covid est\u00e3o ocorrendo em todo lugar do mundo. Perguntou<em>: \u201cQual pa\u00eds est\u00e1 tratando bem a quest\u00e3o da covid?\u201d.<\/em><\/p>\n<p>A declara\u00e7\u00e3o foi dada na portaria do Pal\u00e1cio do Alvorada, em conversa com apoiadores.<\/p>\n","protected":false},"excerpt":{"rendered":"<p>O presidente Jair Bolsonaro\u00a0 atacou o ex-presidente Lula, sem mencionar seu nome. Disse que um ministro do STF\u00a0 tornou eleg\u00edvel um dos\u00a0\u201cmaiores bandidos do Brasil\u201d. O presidente tamb\u00e9m disse que a pandemia no Brasil\u00a0\u201cvirou uma guerra\u201d\u00a0contra ele. Afirmou que o pa\u00eds est\u00e1 em uma luta ferrenha visando \u00e0s elei\u00e7\u00f5es de 2022. O chefe do Executivo [&hellip;]<\/p>\n","protected":false},"author":2,"featured_media":157751,"comment_status":"open","ping_status":"open","sticky":false,"template":"","format":"standard","meta":{"_monsterinsights_skip_tracking":false,"_monsterinsights_sitenote_active":false,"_monsterinsights_sitenote_note":"","_monsterinsights_sitenote_category":0},"categories":[30260,30259,12],"tags":[21017,480,259,3014,37477],"aioseo_notices":[],"_links":{"self":[{"href":"https:\/\/mspontocom.com.br\/site\/wp-json\/wp\/v2\/posts\/157750"}],"collection":[{"href":"https:\/\/mspontocom.com.br\/site\/wp-json\/wp\/v2\/posts"}],"about":[{"href":"https:\/\/mspontocom.com.br\/site\/wp-json\/wp\/v2\/types\/post"}],"author":[{"embeddable":true,"href":"https:\/\/mspontocom.com.br\/site\/wp-json\/wp\/v2\/users\/2"}],"replies":[{"embeddable":true,"href":"https:\/\/mspontocom.com.br\/site\/wp-json\/wp\/v2\/comments?post=157750"}],"version-history":[{"count":1,"href":"https:\/\/mspontocom.com.br\/site\/wp-json\/wp\/v2\/posts\/157750\/revisions"}],"predecessor-version":[{"id":157752,"href":"https:\/\/mspontocom.com.br\/site\/wp-json\/wp\/v2\/posts\/157750\/revisions\/157752"}],"wp:featuredmedia":[{"embeddable":true,"href":"https:\/\/mspontocom.com.br\/site\/wp-json\/wp\/v2\/media\/157751"}],"wp:attachment":[{"href":"https:\/\/mspontocom.com.br\/site\/wp-json\/wp\/v2\/media?parent=157750"}],"wp:term":[{"taxonomy":"category","embeddable":true,"href":"https:\/\/mspontocom.com.br\/site\/wp-json\/wp\/v2\/categories?post=157750"},{"taxonomy":"post_tag","embeddable":true,"href":"https:\/\/mspontocom.com.br\/site\/wp-json\/wp\/v2\/tags?post=157750"}],"curies":[{"name":"wp","href":"https:\/\/api.w.org\/{rel}","templated":true}]}}