{"id":157789,"date":"2021-03-20T06:26:19","date_gmt":"2021-03-20T10:26:19","guid":{"rendered":"https:\/\/mspontocom.com.br\/site\/?p=157789"},"modified":"2021-03-20T07:33:02","modified_gmt":"2021-03-20T11:33:02","slug":"por-criticas-a-bolsonaro-ciro-gomes-vira-alvo-da-policia-federal","status":"publish","type":"post","link":"https:\/\/mspontocom.com.br\/site\/por-criticas-a-bolsonaro-ciro-gomes-vira-alvo-da-policia-federal\/","title":{"rendered":"Por cr\u00edticas a Bolsonaro, Ciro Gomes vira alvo da Pol\u00edcia Federal"},"content":{"rendered":"<p style=\"text-align: justify;\"><img loading=\"lazy\" class=\"alignnone size-full wp-image-157790\" src=\"https:\/\/mspontocom.com.br\/site\/wp-content\/uploads\/2021\/03\/site-por-criticas-a-bolsonaro-ciro-gomes-vira-alvo-da-policia-federal-ciro-gomes-5-550x367-e1616239908559.jpg\" alt=\"\" width=\"540\" height=\"309\" srcset=\"https:\/\/mspontocom.com.br\/site\/wp-content\/uploads\/2021\/03\/site-por-criticas-a-bolsonaro-ciro-gomes-vira-alvo-da-policia-federal-ciro-gomes-5-550x367-e1616239908559.jpg 540w, https:\/\/mspontocom.com.br\/site\/wp-content\/uploads\/2021\/03\/site-por-criticas-a-bolsonaro-ciro-gomes-vira-alvo-da-policia-federal-ciro-gomes-5-550x367-e1616239908559-260x149.jpg 260w\" sizes=\"(max-width: 540px) 100vw, 540px\" \/><\/p>\n<p style=\"text-align: justify;\">Ciro Gomes (PDT), ex-ministro e ex-governador do Cear\u00e1, virou alvo da Pol\u00edcia Federal por criticar o presidente Jair Bolsonaro, de acordo com reportagem do jornal O Estado de S. Paulo.<\/p>\n<p style=\"text-align: justify;\">O pedido de abertura de inqu\u00e9rito foi assinado pelo pr\u00f3prio presidente da Rep\u00fablica.<\/p>\n<p style=\"text-align: justify;\">O pr\u00f3prio Ciro Gomes confirmou que foi avisado da abertura do inqu\u00e9rito h\u00e1 cerca de 10 dias. &#8220;Estou pouco me ligando&#8221;.<\/p>\n<p style=\"text-align: justify;\">O despacho do Minist\u00e9rio da Justi\u00e7a e da Seguran\u00e7a p\u00fablica diz que Ciro \u00e9 alvo de investiga\u00e7\u00e3o policial com base do artigo 145 do C\u00f3digo Penal &#8211; que trata sobre crime contra a honra.<\/p>\n<p style=\"text-align: justify;\">O documento cita que, em uma entrevista \u00e0 R\u00e1dio Tupinamb\u00e1, de Sobral (CE), que aconteceu em novembro do ano passado, Ciro disse que a popula\u00e7\u00e3o, ao n\u00e3o apoiar os candidatos de Bolsonaro, mostrava um sentimento de &#8220;rep\u00fadio ao bolsonarismo, \u00e0 sua bo\u00e7alidade, \u00e0 sua incapacidade de administrar a economia do Pa\u00eds e seu desrespeito \u00e0 sa\u00fade p\u00fablica&#8221;.<\/p>\n","protected":false},"excerpt":{"rendered":"<p>Ciro Gomes (PDT), ex-ministro e ex-governador do Cear\u00e1, virou alvo da Pol\u00edcia Federal por criticar o presidente Jair Bolsonaro, de acordo com reportagem do jornal O Estado de S. Paulo. O pedido de abertura de inqu\u00e9rito foi assinado pelo pr\u00f3prio presidente da Rep\u00fablica. O pr\u00f3prio Ciro Gomes confirmou que foi avisado da abertura do inqu\u00e9rito [&hellip;]<\/p>\n","protected":false},"author":2,"featured_media":157790,"comment_status":"open","ping_status":"open","sticky":false,"template":"","format":"standard","meta":{"_monsterinsights_skip_tracking":false,"_monsterinsights_sitenote_active":false,"_monsterinsights_sitenote_note":"","_monsterinsights_sitenote_category":0},"categories":[30260,2528,30259],"tags":[21017,22031,6860,4598,283],"aioseo_notices":[],"_links":{"self":[{"href":"https:\/\/mspontocom.com.br\/site\/wp-json\/wp\/v2\/posts\/157789"}],"collection":[{"href":"https:\/\/mspontocom.com.br\/site\/wp-json\/wp\/v2\/posts"}],"about":[{"href":"https:\/\/mspontocom.com.br\/site\/wp-json\/wp\/v2\/types\/post"}],"author":[{"embeddable":true,"href":"https:\/\/mspontocom.com.br\/site\/wp-json\/wp\/v2\/users\/2"}],"replies":[{"embeddable":true,"href":"https:\/\/mspontocom.com.br\/site\/wp-json\/wp\/v2\/comments?post=157789"}],"version-history":[{"count":1,"href":"https:\/\/mspontocom.com.br\/site\/wp-json\/wp\/v2\/posts\/157789\/revisions"}],"predecessor-version":[{"id":157791,"href":"https:\/\/mspontocom.com.br\/site\/wp-json\/wp\/v2\/posts\/157789\/revisions\/157791"}],"wp:featuredmedia":[{"embeddable":true,"href":"https:\/\/mspontocom.com.br\/site\/wp-json\/wp\/v2\/media\/157790"}],"wp:attachment":[{"href":"https:\/\/mspontocom.com.br\/site\/wp-json\/wp\/v2\/media?parent=157789"}],"wp:term":[{"taxonomy":"category","embeddable":true,"href":"https:\/\/mspontocom.com.br\/site\/wp-json\/wp\/v2\/categories?post=157789"},{"taxonomy":"post_tag","embeddable":true,"href":"https:\/\/mspontocom.com.br\/site\/wp-json\/wp\/v2\/tags?post=157789"}],"curies":[{"name":"wp","href":"https:\/\/api.w.org\/{rel}","templated":true}]}}