{"id":157814,"date":"2021-03-22T06:10:35","date_gmt":"2021-03-22T10:10:35","guid":{"rendered":"https:\/\/mspontocom.com.br\/site\/?p=157814"},"modified":"2021-03-22T06:10:35","modified_gmt":"2021-03-22T10:10:35","slug":"datafolha-57-consideram-justa-condenacao-de-lula-e-que-ele-nao-deve-concorrer-em-2022","status":"publish","type":"post","link":"https:\/\/mspontocom.com.br\/site\/datafolha-57-consideram-justa-condenacao-de-lula-e-que-ele-nao-deve-concorrer-em-2022\/","title":{"rendered":"Datafolha: 57% consideram justa condena\u00e7\u00e3o de Lula e que ele n\u00e3o deve concorrer em 2022"},"content":{"rendered":"<p style=\"text-align: justify;\"><img loading=\"lazy\" class=\"alignnone size-full wp-image-157815\" src=\"https:\/\/mspontocom.com.br\/site\/wp-content\/uploads\/2021\/03\/site-datafolha-57-consideram-justa-condenacao-de-lula-e-que-ele-nao-deve-concorrer-em-2022-lula2-e1616407746404.jpg\" alt=\"\" width=\"594\" height=\"369\" srcset=\"https:\/\/mspontocom.com.br\/site\/wp-content\/uploads\/2021\/03\/site-datafolha-57-consideram-justa-condenacao-de-lula-e-que-ele-nao-deve-concorrer-em-2022-lula2-e1616407746404.jpg 594w, https:\/\/mspontocom.com.br\/site\/wp-content\/uploads\/2021\/03\/site-datafolha-57-consideram-justa-condenacao-de-lula-e-que-ele-nao-deve-concorrer-em-2022-lula2-e1616407746404-260x162.jpg 260w\" sizes=\"(max-width: 594px) 100vw, 594px\" \/><\/p>\n<p style=\"text-align: justify;\">Pesquisa Datafolha divulgada pelo jornal &#8220;Folha de S.Paulo&#8221; nesta segunda-feira (22) mostra que a 57% dos brasileiros consideram justa a condena\u00e7\u00e3o do ex-presidente <b>lula<\/b>\u00a0no caso do triplex do Guaruj\u00e1.<\/p>\n<p style=\"text-align: justify;\">E 51% acham que o ministro Edson Fachin STF, agiu mal ao anular essa e outras senten\u00e7as contra o petista<strong>\u00a0<\/strong>em investiga\u00e7\u00f5es da Opera\u00e7\u00e3o Lava Jato.<\/p>\n<div class=\"mc-column content-text active-extra-styles\" style=\"text-align: justify;\" data-block-type=\"raw\" data-block-weight=\"11\" data-block-id=\"19\">\n<div class=\"content-intertitle\">\n<h2>51% s\u00e3o contra Lula concorrer em 2022; 47% s\u00e3o a favor<\/h2>\n<\/div>\n<\/div>\n<div class=\"mc-column content-text active-extra-styles \" style=\"text-align: justify;\" data-block-type=\"unstyled\" data-block-weight=\"38\" data-block-id=\"20\">\n<p class=\"content-text__container \" data-track-category=\"Link no Texto\" data-track-links=\"\">Com a anula\u00e7\u00e3o das condena\u00e7\u00f5es, Lula est\u00e1 apto a participar da elei\u00e7\u00e3o presidencial de 2022.<\/p>\n<p class=\"content-text__container \" data-track-category=\"Link no Texto\" data-track-links=\"\">A pesquisa mostra que os brasileiros se dividem sobre uma eventual candidatura do petista, no limite da margem de erro. Os percentuais s\u00e3o:<\/p>\n<\/div>\n<div style=\"text-align: justify;\" data-track-category=\"multicontent\" data-track-action=\"ultimo chunk conteudo\" data-track-noninteraction=\"false\" data-track-scroll=\"view\">\n<div class=\"mc-column content-text active-extra-styles\" data-block-type=\"raw\" data-block-weight=\"20\" data-block-id=\"21\">\n<ul class=\"content-unordered-list\">\n<li>51% acham que Lula\u00a0<span class=\"highlight highlighted\">n\u00e3o<\/span>\u00a0deveria concorrer em 2022<\/li>\n<li>47% acham que Lula deveria concorrer em 2022<\/li>\n<li>2% n\u00e3o sabem<\/li>\n<\/ul>\n<\/div>\n<\/div>\n<p style=\"text-align: justify;\">O levantamento foi realizado com 2.023 brasileiros adultos, que possuem telefone celular, em todas as regi\u00f5es e estados do pa\u00eds, entre os dias 15 e 16 de mar\u00e7o.<\/p>\n<p style=\"text-align: justify;\">A margem de erro \u00e9 de dois pontos percentuais, para mais ou para menos.<\/p>\n","protected":false},"excerpt":{"rendered":"<p>Pesquisa Datafolha divulgada pelo jornal &#8220;Folha de S.Paulo&#8221; nesta segunda-feira (22) mostra que a 57% dos brasileiros consideram justa a condena\u00e7\u00e3o do ex-presidente lula\u00a0no caso do triplex do Guaruj\u00e1. E 51% acham que o ministro Edson Fachin STF, agiu mal ao anular essa e outras senten\u00e7as contra o petista\u00a0em investiga\u00e7\u00f5es da Opera\u00e7\u00e3o Lava Jato. 51% [&hellip;]<\/p>\n","protected":false},"author":2,"featured_media":157815,"comment_status":"open","ping_status":"open","sticky":false,"template":"","format":"standard","meta":{"_monsterinsights_skip_tracking":false,"_monsterinsights_sitenote_active":false,"_monsterinsights_sitenote_note":"","_monsterinsights_sitenote_category":0},"categories":[30260,30259,12],"tags":[33214,33213,29518,8552,480],"aioseo_notices":[],"_links":{"self":[{"href":"https:\/\/mspontocom.com.br\/site\/wp-json\/wp\/v2\/posts\/157814"}],"collection":[{"href":"https:\/\/mspontocom.com.br\/site\/wp-json\/wp\/v2\/posts"}],"about":[{"href":"https:\/\/mspontocom.com.br\/site\/wp-json\/wp\/v2\/types\/post"}],"author":[{"embeddable":true,"href":"https:\/\/mspontocom.com.br\/site\/wp-json\/wp\/v2\/users\/2"}],"replies":[{"embeddable":true,"href":"https:\/\/mspontocom.com.br\/site\/wp-json\/wp\/v2\/comments?post=157814"}],"version-history":[{"count":1,"href":"https:\/\/mspontocom.com.br\/site\/wp-json\/wp\/v2\/posts\/157814\/revisions"}],"predecessor-version":[{"id":157816,"href":"https:\/\/mspontocom.com.br\/site\/wp-json\/wp\/v2\/posts\/157814\/revisions\/157816"}],"wp:featuredmedia":[{"embeddable":true,"href":"https:\/\/mspontocom.com.br\/site\/wp-json\/wp\/v2\/media\/157815"}],"wp:attachment":[{"href":"https:\/\/mspontocom.com.br\/site\/wp-json\/wp\/v2\/media?parent=157814"}],"wp:term":[{"taxonomy":"category","embeddable":true,"href":"https:\/\/mspontocom.com.br\/site\/wp-json\/wp\/v2\/categories?post=157814"},{"taxonomy":"post_tag","embeddable":true,"href":"https:\/\/mspontocom.com.br\/site\/wp-json\/wp\/v2\/tags?post=157814"}],"curies":[{"name":"wp","href":"https:\/\/api.w.org\/{rel}","templated":true}]}}