{"id":157834,"date":"2021-03-22T13:16:21","date_gmt":"2021-03-22T17:16:21","guid":{"rendered":"https:\/\/mspontocom.com.br\/site\/?p=157834"},"modified":"2021-03-22T13:16:21","modified_gmt":"2021-03-22T17:16:21","slug":"pesquisa-276-dos-brasileiros-se-definem-bolsonaristas-e-223-lulistas","status":"publish","type":"post","link":"https:\/\/mspontocom.com.br\/site\/pesquisa-276-dos-brasileiros-se-definem-bolsonaristas-e-223-lulistas\/","title":{"rendered":"Pesquisa: 27,6% dos brasileiros se definem \u2018bolsonaristas\u2019 e 22,3% \u2018lulistas\u2019"},"content":{"rendered":"<p style=\"text-align: justify;\"><img loading=\"lazy\" class=\"alignnone size-full wp-image-157836\" src=\"https:\/\/mspontocom.com.br\/site\/wp-content\/uploads\/2021\/03\/site-lulabolsonaro1-e1616433331330.jpeg\" alt=\"\" width=\"1270\" height=\"640\" srcset=\"https:\/\/mspontocom.com.br\/site\/wp-content\/uploads\/2021\/03\/site-lulabolsonaro1-e1616433331330.jpeg 1270w, https:\/\/mspontocom.com.br\/site\/wp-content\/uploads\/2021\/03\/site-lulabolsonaro1-e1616433331330-260x131.jpeg 260w, https:\/\/mspontocom.com.br\/site\/wp-content\/uploads\/2021\/03\/site-lulabolsonaro1-e1616433331330-768x387.jpeg 768w, https:\/\/mspontocom.com.br\/site\/wp-content\/uploads\/2021\/03\/site-lulabolsonaro1-e1616433331330-1024x516.jpeg 1024w\" sizes=\"(max-width: 1270px) 100vw, 1270px\" \/>O Paran\u00e1 Pesquisas realizou levantamento nacional para formular uma pergunta pol\u00edtica diferente aos brasileiros: como cada um se considera, bolsonarista ou lulista.<\/p>\n<p style=\"text-align: justify;\">Do total de entrevistados, 27,6% se declararam bolsonaristas, ou seja, seguidores da conduta pol\u00edtica do presidente Jair Bolsonaro, enquanto 22,3% afirmam serem lulistas, liderados pelo ex-presidente Lula.<\/p>\n<p style=\"text-align: justify;\">A maior parte dos entrevistados (46,3%) afirmam que n\u00e3o se consideram nenhuma coisa e nem outra, recusando a abordagem personalista da op\u00e7\u00e3o pol\u00edtica. N\u00e3o sabem ou n\u00e3o responderam 3,8% do total.<\/p>\n<p style=\"text-align: justify;\">O Paran\u00e1 Pesquisas entrevistou 2.100 pessoas a partir dos 16 anos de idade em 200 munic\u00edpios brasileiros, dos 26 estados e do Distrito Federal, entre os dias 15 e 19 de mar\u00e7o.<\/p>\n<p><img loading=\"lazy\" class=\"alignnone size-full wp-image-157835\" src=\"https:\/\/mspontocom.com.br\/site\/wp-content\/uploads\/2021\/03\/site-lula3-1.png\" alt=\"\" width=\"704\" height=\"485\" srcset=\"https:\/\/mspontocom.com.br\/site\/wp-content\/uploads\/2021\/03\/site-lula3-1.png 704w, https:\/\/mspontocom.com.br\/site\/wp-content\/uploads\/2021\/03\/site-lula3-1-260x179.png 260w\" sizes=\"(max-width: 704px) 100vw, 704px\" \/><\/p>\n","protected":false},"excerpt":{"rendered":"<p>O Paran\u00e1 Pesquisas realizou levantamento nacional para formular uma pergunta pol\u00edtica diferente aos brasileiros: como cada um se considera, bolsonarista ou lulista. Do total de entrevistados, 27,6% se declararam bolsonaristas, ou seja, seguidores da conduta pol\u00edtica do presidente Jair Bolsonaro, enquanto 22,3% afirmam serem lulistas, liderados pelo ex-presidente Lula. A maior parte dos entrevistados (46,3%) [&hellip;]<\/p>\n","protected":false},"author":2,"featured_media":157836,"comment_status":"open","ping_status":"open","sticky":false,"template":"","format":"standard","meta":{"_monsterinsights_skip_tracking":false,"_monsterinsights_sitenote_active":false,"_monsterinsights_sitenote_note":"","_monsterinsights_sitenote_category":0},"categories":[30260,30259,12],"tags":[34936,12854,733],"aioseo_notices":[],"_links":{"self":[{"href":"https:\/\/mspontocom.com.br\/site\/wp-json\/wp\/v2\/posts\/157834"}],"collection":[{"href":"https:\/\/mspontocom.com.br\/site\/wp-json\/wp\/v2\/posts"}],"about":[{"href":"https:\/\/mspontocom.com.br\/site\/wp-json\/wp\/v2\/types\/post"}],"author":[{"embeddable":true,"href":"https:\/\/mspontocom.com.br\/site\/wp-json\/wp\/v2\/users\/2"}],"replies":[{"embeddable":true,"href":"https:\/\/mspontocom.com.br\/site\/wp-json\/wp\/v2\/comments?post=157834"}],"version-history":[{"count":1,"href":"https:\/\/mspontocom.com.br\/site\/wp-json\/wp\/v2\/posts\/157834\/revisions"}],"predecessor-version":[{"id":157837,"href":"https:\/\/mspontocom.com.br\/site\/wp-json\/wp\/v2\/posts\/157834\/revisions\/157837"}],"wp:featuredmedia":[{"embeddable":true,"href":"https:\/\/mspontocom.com.br\/site\/wp-json\/wp\/v2\/media\/157836"}],"wp:attachment":[{"href":"https:\/\/mspontocom.com.br\/site\/wp-json\/wp\/v2\/media?parent=157834"}],"wp:term":[{"taxonomy":"category","embeddable":true,"href":"https:\/\/mspontocom.com.br\/site\/wp-json\/wp\/v2\/categories?post=157834"},{"taxonomy":"post_tag","embeddable":true,"href":"https:\/\/mspontocom.com.br\/site\/wp-json\/wp\/v2\/tags?post=157834"}],"curies":[{"name":"wp","href":"https:\/\/api.w.org\/{rel}","templated":true}]}}