{"id":157931,"date":"2021-03-25T13:54:17","date_gmt":"2021-03-25T17:54:17","guid":{"rendered":"https:\/\/mspontocom.com.br\/site\/?p=157931"},"modified":"2021-03-25T13:54:17","modified_gmt":"2021-03-25T17:54:17","slug":"zero-problema-entre-nos-diz-bolsonaro-sobre-sinal-amarelo-de-lira","status":"publish","type":"post","link":"https:\/\/mspontocom.com.br\/site\/zero-problema-entre-nos-diz-bolsonaro-sobre-sinal-amarelo-de-lira\/","title":{"rendered":"\u201cZero problema entre n\u00f3s\u201d, diz Bolsonaro sobre \u201csinal amarelo\u201d de Lira"},"content":{"rendered":"<p style=\"text-align: justify;\"><img loading=\"lazy\" class=\"alignnone size-full wp-image-157932\" src=\"https:\/\/mspontocom.com.br\/site\/wp-content\/uploads\/2021\/03\/site-zero-problema-entre-nos-diz-bolsonaro-sobre-sinal-amarelo-de-lira-bolsolira-e1616694807596.jpg\" alt=\"\" width=\"476\" height=\"309\" srcset=\"https:\/\/mspontocom.com.br\/site\/wp-content\/uploads\/2021\/03\/site-zero-problema-entre-nos-diz-bolsonaro-sobre-sinal-amarelo-de-lira-bolsolira-e1616694807596.jpg 476w, https:\/\/mspontocom.com.br\/site\/wp-content\/uploads\/2021\/03\/site-zero-problema-entre-nos-diz-bolsonaro-sobre-sinal-amarelo-de-lira-bolsolira-e1616694807596-260x169.jpg 260w\" sizes=\"(max-width: 476px) 100vw, 476px\" \/><\/p>\n<p style=\"text-align: justify;\">O presidente Jair Bolsonaro disse nesta 5\u00aa feira (25.mar.2021) que n\u00e3o h\u00e1 problemas em sua rela\u00e7\u00e3o com o presidente da C\u00e2mara, Arthur Lira\u00a0(PP-AL).<\/p>\n<p style=\"text-align: justify;\">A declara\u00e7\u00e3o \u00e9 feita 1 dia depois de o deputado dizer que o Legislativo n\u00e3o vai tolerar mais erros na condu\u00e7\u00e3o do combate \u00e0 pandemia.<\/p>\n<p style=\"text-align: justify;\"><strong><em>\u201cEu conversei com o Lira. N\u00e3o tem problema entre n\u00f3s. Zero problema. Conversamos sobre muitas coisas\u201d<\/em>,<\/strong> disse Bolsonaro a jornalistas.<\/p>\n<p style=\"text-align: justify;\"><strong>\u00a0<\/strong><em><strong>\u201cNunca teve nada de errado. Meu velho amigo de parlamento, torci por ele, e o governo continua tudo normal\u201d.<\/strong> concluiu.<\/em><\/p>\n","protected":false},"excerpt":{"rendered":"<p>O presidente Jair Bolsonaro disse nesta 5\u00aa feira (25.mar.2021) que n\u00e3o h\u00e1 problemas em sua rela\u00e7\u00e3o com o presidente da C\u00e2mara, Arthur Lira\u00a0(PP-AL). A declara\u00e7\u00e3o \u00e9 feita 1 dia depois de o deputado dizer que o Legislativo n\u00e3o vai tolerar mais erros na condu\u00e7\u00e3o do combate \u00e0 pandemia. \u201cEu conversei com o Lira. N\u00e3o tem [&hellip;]<\/p>\n","protected":false},"author":2,"featured_media":157932,"comment_status":"open","ping_status":"open","sticky":false,"template":"","format":"standard","meta":{"_monsterinsights_skip_tracking":false,"_monsterinsights_sitenote_active":false,"_monsterinsights_sitenote_note":"","_monsterinsights_sitenote_category":0},"categories":[30260,30259,12],"tags":[21017,36422,37525,37526],"aioseo_notices":[],"_links":{"self":[{"href":"https:\/\/mspontocom.com.br\/site\/wp-json\/wp\/v2\/posts\/157931"}],"collection":[{"href":"https:\/\/mspontocom.com.br\/site\/wp-json\/wp\/v2\/posts"}],"about":[{"href":"https:\/\/mspontocom.com.br\/site\/wp-json\/wp\/v2\/types\/post"}],"author":[{"embeddable":true,"href":"https:\/\/mspontocom.com.br\/site\/wp-json\/wp\/v2\/users\/2"}],"replies":[{"embeddable":true,"href":"https:\/\/mspontocom.com.br\/site\/wp-json\/wp\/v2\/comments?post=157931"}],"version-history":[{"count":1,"href":"https:\/\/mspontocom.com.br\/site\/wp-json\/wp\/v2\/posts\/157931\/revisions"}],"predecessor-version":[{"id":157933,"href":"https:\/\/mspontocom.com.br\/site\/wp-json\/wp\/v2\/posts\/157931\/revisions\/157933"}],"wp:featuredmedia":[{"embeddable":true,"href":"https:\/\/mspontocom.com.br\/site\/wp-json\/wp\/v2\/media\/157932"}],"wp:attachment":[{"href":"https:\/\/mspontocom.com.br\/site\/wp-json\/wp\/v2\/media?parent=157931"}],"wp:term":[{"taxonomy":"category","embeddable":true,"href":"https:\/\/mspontocom.com.br\/site\/wp-json\/wp\/v2\/categories?post=157931"},{"taxonomy":"post_tag","embeddable":true,"href":"https:\/\/mspontocom.com.br\/site\/wp-json\/wp\/v2\/tags?post=157931"}],"curies":[{"name":"wp","href":"https:\/\/api.w.org\/{rel}","templated":true}]}}