{"id":158062,"date":"2021-03-31T05:28:41","date_gmt":"2021-03-31T09:28:41","guid":{"rendered":"https:\/\/mspontocom.com.br\/site\/?p=158062"},"modified":"2021-03-31T05:28:41","modified_gmt":"2021-03-31T09:28:41","slug":"doria-chama-bolsonaro-de-burro-incapaz-e-doente-mental","status":"publish","type":"post","link":"https:\/\/mspontocom.com.br\/site\/doria-chama-bolsonaro-de-burro-incapaz-e-doente-mental\/","title":{"rendered":"Doria chama Bolsonaro de &#8220;burro&#8221;, &#8220;incapaz&#8221; e &#8220;doente mental&#8221;"},"content":{"rendered":"<p><img loading=\"lazy\" class=\"size-full wp-image-158070\" src=\"https:\/\/mspontocom.com.br\/site\/wp-content\/uploads\/2021\/03\/site-doria-chama-bolsonaro-de-burro-incapaz-e-doente-mental-bolsodoria-e1617182839945.jpg\" alt=\"\" width=\"950\" height=\"578\" srcset=\"https:\/\/mspontocom.com.br\/site\/wp-content\/uploads\/2021\/03\/site-doria-chama-bolsonaro-de-burro-incapaz-e-doente-mental-bolsodoria-e1617182839945.jpg 950w, https:\/\/mspontocom.com.br\/site\/wp-content\/uploads\/2021\/03\/site-doria-chama-bolsonaro-de-burro-incapaz-e-doente-mental-bolsodoria-e1617182839945-260x158.jpg 260w, https:\/\/mspontocom.com.br\/site\/wp-content\/uploads\/2021\/03\/site-doria-chama-bolsonaro-de-burro-incapaz-e-doente-mental-bolsodoria-e1617182839945-768x467.jpg 768w\" sizes=\"(max-width: 950px) 100vw, 950px\" \/><\/p>\n<p>O governador de S\u00e3o Paulo, Jo\u00e3o Doria (PSDB), chamou o presidente Jair Bolsonaro\u00a0 de &#8220;imbecil&#8221;.<\/p>\n<p>Para Doria, o presidente tem &#8220;voca\u00e7\u00e3o extrema para o autoritarismo&#8221;. &#8220;Seu maior desejo \u00e9 ser ditador do Brasil&#8221;, disse o governador sobre Bolsonaro em entrevista aos jornalistas Reinaldo Azevedo e Leandro Demori .<\/p>\n<p>Doria ainda chamou o presidente de<strong> &#8220;burro&#8221;, &#8220;incapaz&#8221; e &#8220;doente mental&#8221;<\/strong>, principalmente em fun\u00e7\u00e3o da condu\u00e7\u00e3o federal do combate \u00e0 pandemia de covid-19.<\/p>\n<p>Ainda sobre Bolsonaro, o governador paulista disse que ele enganou o Brasil e que n\u00e3o o apoiaria nem votaria novamente nele, como fez em 2018.<\/p>\n<p>Nas \u00faltimas elei\u00e7\u00f5es, o mandat\u00e1rio estadual chegou a usar o slogan &#8220;Bolsodoria&#8221; em sua campanha.<\/p>\n<p>&nbsp;<\/p>\n<p>Foto\/Eraldo Peres, Archivo)<\/p>\n","protected":false},"excerpt":{"rendered":"<p>O governador de S\u00e3o Paulo, Jo\u00e3o Doria (PSDB), chamou o presidente Jair Bolsonaro\u00a0 de &#8220;imbecil&#8221;. Para Doria, o presidente tem &#8220;voca\u00e7\u00e3o extrema para o autoritarismo&#8221;. &#8220;Seu maior desejo \u00e9 ser ditador do Brasil&#8221;, disse o governador sobre Bolsonaro em entrevista aos jornalistas Reinaldo Azevedo e Leandro Demori . Doria ainda chamou o presidente de &#8220;burro&#8221;, [&hellip;]<\/p>\n","protected":false},"author":2,"featured_media":158070,"comment_status":"open","ping_status":"open","sticky":false,"template":"","format":"standard","meta":{"_monsterinsights_skip_tracking":false,"_monsterinsights_sitenote_active":false,"_monsterinsights_sitenote_note":"","_monsterinsights_sitenote_category":0},"categories":[30260,30259,12],"tags":[21017,13751,37566,28181,37565],"aioseo_notices":[],"_links":{"self":[{"href":"https:\/\/mspontocom.com.br\/site\/wp-json\/wp\/v2\/posts\/158062"}],"collection":[{"href":"https:\/\/mspontocom.com.br\/site\/wp-json\/wp\/v2\/posts"}],"about":[{"href":"https:\/\/mspontocom.com.br\/site\/wp-json\/wp\/v2\/types\/post"}],"author":[{"embeddable":true,"href":"https:\/\/mspontocom.com.br\/site\/wp-json\/wp\/v2\/users\/2"}],"replies":[{"embeddable":true,"href":"https:\/\/mspontocom.com.br\/site\/wp-json\/wp\/v2\/comments?post=158062"}],"version-history":[{"count":2,"href":"https:\/\/mspontocom.com.br\/site\/wp-json\/wp\/v2\/posts\/158062\/revisions"}],"predecessor-version":[{"id":158071,"href":"https:\/\/mspontocom.com.br\/site\/wp-json\/wp\/v2\/posts\/158062\/revisions\/158071"}],"wp:featuredmedia":[{"embeddable":true,"href":"https:\/\/mspontocom.com.br\/site\/wp-json\/wp\/v2\/media\/158070"}],"wp:attachment":[{"href":"https:\/\/mspontocom.com.br\/site\/wp-json\/wp\/v2\/media?parent=158062"}],"wp:term":[{"taxonomy":"category","embeddable":true,"href":"https:\/\/mspontocom.com.br\/site\/wp-json\/wp\/v2\/categories?post=158062"},{"taxonomy":"post_tag","embeddable":true,"href":"https:\/\/mspontocom.com.br\/site\/wp-json\/wp\/v2\/tags?post=158062"}],"curies":[{"name":"wp","href":"https:\/\/api.w.org\/{rel}","templated":true}]}}