{"id":158147,"date":"2021-04-02T05:23:59","date_gmt":"2021-04-02T09:23:59","guid":{"rendered":"https:\/\/mspontocom.com.br\/site\/?p=158147"},"modified":"2021-04-02T05:23:59","modified_gmt":"2021-04-02T09:23:59","slug":"oms-critica-lentidao-da-vacinacao-contra-a-covid-na-europa","status":"publish","type":"post","link":"https:\/\/mspontocom.com.br\/site\/oms-critica-lentidao-da-vacinacao-contra-a-covid-na-europa\/","title":{"rendered":"OMS critica lentid\u00e3o da vacina\u00e7\u00e3o contra a Covid na Europa"},"content":{"rendered":"<p style=\"text-align: justify;\"><img loading=\"lazy\" class=\"alignnone size-full wp-image-158153\" src=\"https:\/\/mspontocom.com.br\/site\/wp-content\/uploads\/2021\/04\/site-oms-critica-lentidao-da-vacinacao-contra-a-covid-na-europa-europa-e1617355389105.jpg\" alt=\"\" width=\"904\" height=\"648\" srcset=\"https:\/\/mspontocom.com.br\/site\/wp-content\/uploads\/2021\/04\/site-oms-critica-lentidao-da-vacinacao-contra-a-covid-na-europa-europa-e1617355389105.jpg 904w, https:\/\/mspontocom.com.br\/site\/wp-content\/uploads\/2021\/04\/site-oms-critica-lentidao-da-vacinacao-contra-a-covid-na-europa-europa-e1617355389105-260x186.jpg 260w, https:\/\/mspontocom.com.br\/site\/wp-content\/uploads\/2021\/04\/site-oms-critica-lentidao-da-vacinacao-contra-a-covid-na-europa-europa-e1617355389105-768x551.jpg 768w\" sizes=\"(max-width: 904px) 100vw, 904px\" \/>A Organiza\u00e7\u00e3o Mundial da Sa\u00fade (OMS) criticou nesta quinta-feira (01\/04) a lentid\u00e3o da campanha de vacina\u00e7\u00e3o contra a covid-19 na Europa e disse que o aumento no n\u00famero de infec\u00e7\u00f5es pelo coronav\u00edrus no continente \u00e9 &#8220;preocupante&#8221;.<\/p>\n<p style=\"text-align: justify;\">At\u00e9 agora, cerca de 10% da popula\u00e7\u00e3o da Europa recebeu uma dose de vacinas contra a covid-19 e apenas 4%\u00a0duas doses.<\/p>\n<p style=\"text-align: justify;\">A vacina\u00e7\u00e3o \u00e9 ainda mais lenta nos\u00a027 estados-membros da Uni\u00e3o Europeia.<\/p>\n<p style=\"text-align: justify;\">Para a OMS, a situa\u00e7\u00e3o do coronav\u00edrus na Europa \u00e9 a &#8220;mais preocupante em v\u00e1rios meses&#8221;. Por isso, \u00e9 necess\u00e1rio implementar medidas de restri\u00e7\u00e3o\u00a0para conter a r\u00e1pida dissemina\u00e7\u00e3o do v\u00edrus.<\/p>\n<p style=\"text-align: justify;\">Parte da lentid\u00e3o da vacina\u00e7\u00e3o da Europa se deve ao fato de a Uni\u00e3o Europeia ter\u00a0concentrado\u00a0grandes apostas na vacina da AstraZeneca.<\/p>\n<p style=\"text-align: justify;\">A empresa informou no come\u00e7o do ano que vai conseguir entregar muito menos doses\u00a0do que originalmente previsto.<\/p>\n","protected":false},"excerpt":{"rendered":"<p>A Organiza\u00e7\u00e3o Mundial da Sa\u00fade (OMS) criticou nesta quinta-feira (01\/04) a lentid\u00e3o da campanha de vacina\u00e7\u00e3o contra a covid-19 na Europa e disse que o aumento no n\u00famero de infec\u00e7\u00f5es pelo coronav\u00edrus no continente \u00e9 &#8220;preocupante&#8221;. At\u00e9 agora, cerca de 10% da popula\u00e7\u00e3o da Europa recebeu uma dose de vacinas contra a covid-19 e apenas [&hellip;]<\/p>\n","protected":false},"author":2,"featured_media":158153,"comment_status":"open","ping_status":"open","sticky":false,"template":"","format":"standard","meta":{"_monsterinsights_skip_tracking":false,"_monsterinsights_sitenote_active":false,"_monsterinsights_sitenote_note":"","_monsterinsights_sitenote_category":0},"categories":[30260,7,30259],"tags":[37594,35104,24747,1921,27217,13434],"aioseo_notices":[],"_links":{"self":[{"href":"https:\/\/mspontocom.com.br\/site\/wp-json\/wp\/v2\/posts\/158147"}],"collection":[{"href":"https:\/\/mspontocom.com.br\/site\/wp-json\/wp\/v2\/posts"}],"about":[{"href":"https:\/\/mspontocom.com.br\/site\/wp-json\/wp\/v2\/types\/post"}],"author":[{"embeddable":true,"href":"https:\/\/mspontocom.com.br\/site\/wp-json\/wp\/v2\/users\/2"}],"replies":[{"embeddable":true,"href":"https:\/\/mspontocom.com.br\/site\/wp-json\/wp\/v2\/comments?post=158147"}],"version-history":[{"count":2,"href":"https:\/\/mspontocom.com.br\/site\/wp-json\/wp\/v2\/posts\/158147\/revisions"}],"predecessor-version":[{"id":158154,"href":"https:\/\/mspontocom.com.br\/site\/wp-json\/wp\/v2\/posts\/158147\/revisions\/158154"}],"wp:featuredmedia":[{"embeddable":true,"href":"https:\/\/mspontocom.com.br\/site\/wp-json\/wp\/v2\/media\/158153"}],"wp:attachment":[{"href":"https:\/\/mspontocom.com.br\/site\/wp-json\/wp\/v2\/media?parent=158147"}],"wp:term":[{"taxonomy":"category","embeddable":true,"href":"https:\/\/mspontocom.com.br\/site\/wp-json\/wp\/v2\/categories?post=158147"},{"taxonomy":"post_tag","embeddable":true,"href":"https:\/\/mspontocom.com.br\/site\/wp-json\/wp\/v2\/tags?post=158147"}],"curies":[{"name":"wp","href":"https:\/\/api.w.org\/{rel}","templated":true}]}}