{"id":158200,"date":"2021-04-05T05:15:41","date_gmt":"2021-04-05T09:15:41","guid":{"rendered":"https:\/\/mspontocom.com.br\/site\/?p=158200"},"modified":"2021-04-05T05:40:45","modified_gmt":"2021-04-05T09:40:45","slug":"maduro-diz-que-variante-brasileira-deveria-ser-chamada-de-bolsonaro","status":"publish","type":"post","link":"https:\/\/mspontocom.com.br\/site\/maduro-diz-que-variante-brasileira-deveria-ser-chamada-de-bolsonaro\/","title":{"rendered":"Maduro diz que variante brasileira deveria ser chamada de &#8216;Bolsonaro&#8217;"},"content":{"rendered":"<p style=\"text-align: justify;\"><img loading=\"lazy\" class=\"alignnone size-full wp-image-158204\" src=\"https:\/\/mspontocom.com.br\/site\/wp-content\/uploads\/2021\/04\/site-maduro-diz-que-variante-brasileira-deveria-ser-chamada-de-bolsonaro-maduro-e1617614057383.jpeg\" alt=\"\" width=\"684\" height=\"479\" srcset=\"https:\/\/mspontocom.com.br\/site\/wp-content\/uploads\/2021\/04\/site-maduro-diz-que-variante-brasileira-deveria-ser-chamada-de-bolsonaro-maduro-e1617614057383.jpeg 684w, https:\/\/mspontocom.com.br\/site\/wp-content\/uploads\/2021\/04\/site-maduro-diz-que-variante-brasileira-deveria-ser-chamada-de-bolsonaro-maduro-e1617614057383-260x182.jpeg 260w\" sizes=\"(max-width: 684px) 100vw, 684px\" \/><\/p>\n<p style=\"text-align: justify;\">O presidente da Venezuela, Nicol\u00e1s Maduro, disse em seu balan\u00e7o sobre o coronav\u00edrus no pa\u00eds que a variante brasileira da doen\u00e7a deveria se chamar &#8220;Bolsonaro&#8221;.<\/p>\n<p style=\"text-align: justify;\">&#8220;A mutante brasileira deveria se chamar mutante Bolsonaro, E veja a situa\u00e7\u00e3o em que meteu Brasil e a humanidade. Brasil \u00e9 o epicentro&#8221;, disse Maduro.<\/p>\n<p style=\"text-align: justify;\">O Brasil registrou mais de 331.000 mortos e se aproxima dos 13 milh\u00f5es de infectados por covid-19 at\u00e9 hoje (4)<\/p>\n<p style=\"text-align: justify;\">O levantamento tamb\u00e9m mostra que o pa\u00eds ultrapassou 19,4 milh\u00f5es de vacinados contra a covid-19, correspondente a 9,2% da popula\u00e7\u00e3o nacional.<\/p>\n","protected":false},"excerpt":{"rendered":"<p>O presidente da Venezuela, Nicol\u00e1s Maduro, disse em seu balan\u00e7o sobre o coronav\u00edrus no pa\u00eds que a variante brasileira da doen\u00e7a deveria se chamar &#8220;Bolsonaro&#8221;. &#8220;A mutante brasileira deveria se chamar mutante Bolsonaro, E veja a situa\u00e7\u00e3o em que meteu Brasil e a humanidade. Brasil \u00e9 o epicentro&#8221;, disse Maduro. O Brasil registrou mais de [&hellip;]<\/p>\n","protected":false},"author":2,"featured_media":158204,"comment_status":"open","ping_status":"open","sticky":false,"template":"","format":"standard","meta":{"_monsterinsights_skip_tracking":false,"_monsterinsights_sitenote_active":false,"_monsterinsights_sitenote_note":"","_monsterinsights_sitenote_category":0},"categories":[7],"tags":[21017,35059,29082,37613],"aioseo_notices":[],"_links":{"self":[{"href":"https:\/\/mspontocom.com.br\/site\/wp-json\/wp\/v2\/posts\/158200"}],"collection":[{"href":"https:\/\/mspontocom.com.br\/site\/wp-json\/wp\/v2\/posts"}],"about":[{"href":"https:\/\/mspontocom.com.br\/site\/wp-json\/wp\/v2\/types\/post"}],"author":[{"embeddable":true,"href":"https:\/\/mspontocom.com.br\/site\/wp-json\/wp\/v2\/users\/2"}],"replies":[{"embeddable":true,"href":"https:\/\/mspontocom.com.br\/site\/wp-json\/wp\/v2\/comments?post=158200"}],"version-history":[{"count":2,"href":"https:\/\/mspontocom.com.br\/site\/wp-json\/wp\/v2\/posts\/158200\/revisions"}],"predecessor-version":[{"id":158205,"href":"https:\/\/mspontocom.com.br\/site\/wp-json\/wp\/v2\/posts\/158200\/revisions\/158205"}],"wp:featuredmedia":[{"embeddable":true,"href":"https:\/\/mspontocom.com.br\/site\/wp-json\/wp\/v2\/media\/158204"}],"wp:attachment":[{"href":"https:\/\/mspontocom.com.br\/site\/wp-json\/wp\/v2\/media?parent=158200"}],"wp:term":[{"taxonomy":"category","embeddable":true,"href":"https:\/\/mspontocom.com.br\/site\/wp-json\/wp\/v2\/categories?post=158200"},{"taxonomy":"post_tag","embeddable":true,"href":"https:\/\/mspontocom.com.br\/site\/wp-json\/wp\/v2\/tags?post=158200"}],"curies":[{"name":"wp","href":"https:\/\/api.w.org\/{rel}","templated":true}]}}