{"id":158629,"date":"2021-04-16T07:55:34","date_gmt":"2021-04-16T11:55:34","guid":{"rendered":"https:\/\/mspontocom.com.br\/site\/?p=158629"},"modified":"2021-04-16T07:20:52","modified_gmt":"2021-04-16T11:20:52","slug":"tim-abre-selecao-para-programa-jovem-aprendiz","status":"publish","type":"post","link":"https:\/\/mspontocom.com.br\/site\/tim-abre-selecao-para-programa-jovem-aprendiz\/","title":{"rendered":"TIM abre sele\u00e7\u00e3o para Programa Jovem Aprendiz"},"content":{"rendered":"<p style=\"text-align: justify;\"><img loading=\"lazy\" class=\"alignnone size-full wp-image-158630\" src=\"https:\/\/mspontocom.com.br\/site\/wp-content\/uploads\/2021\/04\/site-tim-abre-selecao-para-programa-jovem-aprendiz-tim-2018v3.jpg\" alt=\"\" width=\"500\" height=\"350\" srcset=\"https:\/\/mspontocom.com.br\/site\/wp-content\/uploads\/2021\/04\/site-tim-abre-selecao-para-programa-jovem-aprendiz-tim-2018v3.jpg 500w, https:\/\/mspontocom.com.br\/site\/wp-content\/uploads\/2021\/04\/site-tim-abre-selecao-para-programa-jovem-aprendiz-tim-2018v3-260x182.jpg 260w\" sizes=\"(max-width: 500px) 100vw, 500px\" \/><\/p>\n<p style=\"text-align: justify;\">A\u00a0<strong>TIM<\/strong>\u00a0procura para a\u00a0contrata\u00e7\u00e3o jovens aprendizes.<\/p>\n<p style=\"text-align: justify;\">A operadora incentiva a participa\u00e7\u00e3o e sele\u00e7\u00e3o de mulheres, negros, LGBTI+ e pessoas com defici\u00eancia.<\/p>\n<p style=\"text-align: justify;\">Quem se candidatar deve ter apenas o Ensino M\u00e9dio completo ou em curso.<\/p>\n<p style=\"text-align: justify;\">O contrato ser\u00e1 de 15 meses, com carga hor\u00e1ria de seis horas, e h\u00e1 possibilidade de efetiva\u00e7\u00e3o.<\/p>\n<p style=\"text-align: justify;\">Al\u00e9m da bolsa-aux\u00edlio, s\u00e3o oferecidos um smartphone com\u00a0chip de dados e voz e benef\u00edcios como vales para alimenta\u00e7\u00e3o, refei\u00e7\u00e3o e transporte, planos de sa\u00fade e odontol\u00f3gico, seguro de vida, aux\u00edlio-funeral, participa\u00e7\u00e3o no programa de conv\u00eanios da TIM e folga no dia do anivers\u00e1rio.<\/p>\n<p style=\"text-align: justify;\">As inscri\u00e7\u00f5es podem ser feitas neste link:\u00a0<u><a title=\"https:\/\/nam10.safelinks.protection.outlook.com\/?url=https%3a%2f%2fwww.vagas.com.br%2fv2179440&amp;data=04%7c01%7cvibsilva%40timbrasil.com.br%7ccac566826704423a69b108d8e87eaf28%7c57b8c96eac2f4d78a149f1fc6817d3c4%7c0%7c0%7c637514978123843881%7cunknown%7ctwfpbgz\" href=\"https:\/\/url3019.massmedia.com.br\/ls\/click?upn=lj9rtLA8yZ4MWR693uueORgYT0dPMHDhA6ozR5TIyeo0PqF01xrrxq-2BLSzqzcFJIxwmTSqb4Lnkr50fwPj6opxqUNW-2FpmvjpRhmRTdKx4bJghI1RwWbUtlBDHoU1snsgUf3pR6ZrcEvIwRclp7Fu0QF-2Brv3-2FVzdswtjHLHOjvDDBjj-2FuoQT3zQpBJkMmlG0nRulV-2Flub-2BSjwvumORRUhH7HDSfl0mcFDHK7Forj-2BExwBzkTMsX0-2B1UtM8lQmPzkrqZs62q6zVIGBGieKoba0mFugXRFv75yLoy7zOku63tF-2FhvRTJmLUMJKYqIQUOb3Kn1iG4mHAIGvNun2BvYNdh6C1uRRZSttbjvqPuVyUPErnANx8VuctAdmSsty-2B-2F8bFVCdI63ft7Fs1oofTj6TWgUpJdtwo8taANEr-2BViYde9pRENFkvCCxOmScAL-2Fu15nPUEAwitlDqLu25CUP9B9GZ-2FB0Pd2xK-2BLSVLws4GKDY5sj77OD-2FW00MKBK-2FblaO1pOMwg8UaRfPLN5bCngZgLwclZfUvFibh-2BZjcn5dZJPsvM-3DlT2W_qLbKLb-2BN6TXZnaCL0IB5xUj32lOyZQL2WTTBxva00nYuBw-2BgOF1JmHbHmu2Klf6SVpi-2FzRqqvtC-2F63RzqCFjFsR0MHtZeSZqLXRojFIHUgxbZv3CK86pBq-2Ftri-2BMFg3DF4JDpYvAjD-2FgI9LoCdLbcTNSFjD79befMbOVwxhR37LNDUc8WJG0UjbI4Jvx4CM3Q-2FRN2w5EkGxthhoyAZ0-2BQz3UZ76SZZ0XCsQODJTGd28-3D\" target=\"_blank\" rel=\"noopener\" data-saferedirecturl=\"https:\/\/www.google.com\/url?q=https:\/\/url3019.massmedia.com.br\/ls\/click?upn%3Dlj9rtLA8yZ4MWR693uueORgYT0dPMHDhA6ozR5TIyeo0PqF01xrrxq-2BLSzqzcFJIxwmTSqb4Lnkr50fwPj6opxqUNW-2FpmvjpRhmRTdKx4bJghI1RwWbUtlBDHoU1snsgUf3pR6ZrcEvIwRclp7Fu0QF-2Brv3-2FVzdswtjHLHOjvDDBjj-2FuoQT3zQpBJkMmlG0nRulV-2Flub-2BSjwvumORRUhH7HDSfl0mcFDHK7Forj-2BExwBzkTMsX0-2B1UtM8lQmPzkrqZs62q6zVIGBGieKoba0mFugXRFv75yLoy7zOku63tF-2FhvRTJmLUMJKYqIQUOb3Kn1iG4mHAIGvNun2BvYNdh6C1uRRZSttbjvqPuVyUPErnANx8VuctAdmSsty-2B-2F8bFVCdI63ft7Fs1oofTj6TWgUpJdtwo8taANEr-2BViYde9pRENFkvCCxOmScAL-2Fu15nPUEAwitlDqLu25CUP9B9GZ-2FB0Pd2xK-2BLSVLws4GKDY5sj77OD-2FW00MKBK-2FblaO1pOMwg8UaRfPLN5bCngZgLwclZfUvFibh-2BZjcn5dZJPsvM-3DlT2W_qLbKLb-2BN6TXZnaCL0IB5xUj32lOyZQL2WTTBxva00nYuBw-2BgOF1JmHbHmu2Klf6SVpi-2FzRqqvtC-2F63RzqCFjFsR0MHtZeSZqLXRojFIHUgxbZv3CK86pBq-2Ftri-2BMFg3DF4JDpYvAjD-2FgI9LoCdLbcTNSFjD79befMbOVwxhR37LNDUc8WJG0UjbI4Jvx4CM3Q-2FRN2w5EkGxthhoyAZ0-2BQz3UZ76SZZ0XCsQODJTGd28-3D&amp;source=gmail&amp;ust=1618651312117000&amp;usg=AFQjCNEsO4ZBDnbk70bapKT6zGT7jHa4tQ\">Programa de Jovem Aprendiz TIM 2021<\/a><\/u>.<\/p>\n<p style=\"text-align: justify;\">As vagas s\u00e3o para\u00a0a sede da empresa, no Rio de Janeiro, e nos escrit\u00f3rios de\u00a0Santo Andr\u00e9 (SP),\u00a0Belo Horizonte, Recife e Curitiba.<\/p>\n","protected":false},"excerpt":{"rendered":"<p>A\u00a0TIM\u00a0procura para a\u00a0contrata\u00e7\u00e3o jovens aprendizes. A operadora incentiva a participa\u00e7\u00e3o e sele\u00e7\u00e3o de mulheres, negros, LGBTI+ e pessoas com defici\u00eancia. Quem se candidatar deve ter apenas o Ensino M\u00e9dio completo ou em curso. O contrato ser\u00e1 de 15 meses, com carga hor\u00e1ria de seis horas, e h\u00e1 possibilidade de efetiva\u00e7\u00e3o. Al\u00e9m da bolsa-aux\u00edlio, s\u00e3o oferecidos [&hellip;]<\/p>\n","protected":false},"author":2,"featured_media":158630,"comment_status":"open","ping_status":"open","sticky":false,"template":"","format":"standard","meta":{"_monsterinsights_skip_tracking":false,"_monsterinsights_sitenote_active":false,"_monsterinsights_sitenote_note":"","_monsterinsights_sitenote_category":0},"categories":[28176],"tags":[455,37749,14556,3074,1675],"aioseo_notices":[],"_links":{"self":[{"href":"https:\/\/mspontocom.com.br\/site\/wp-json\/wp\/v2\/posts\/158629"}],"collection":[{"href":"https:\/\/mspontocom.com.br\/site\/wp-json\/wp\/v2\/posts"}],"about":[{"href":"https:\/\/mspontocom.com.br\/site\/wp-json\/wp\/v2\/types\/post"}],"author":[{"embeddable":true,"href":"https:\/\/mspontocom.com.br\/site\/wp-json\/wp\/v2\/users\/2"}],"replies":[{"embeddable":true,"href":"https:\/\/mspontocom.com.br\/site\/wp-json\/wp\/v2\/comments?post=158629"}],"version-history":[{"count":1,"href":"https:\/\/mspontocom.com.br\/site\/wp-json\/wp\/v2\/posts\/158629\/revisions"}],"predecessor-version":[{"id":158631,"href":"https:\/\/mspontocom.com.br\/site\/wp-json\/wp\/v2\/posts\/158629\/revisions\/158631"}],"wp:featuredmedia":[{"embeddable":true,"href":"https:\/\/mspontocom.com.br\/site\/wp-json\/wp\/v2\/media\/158630"}],"wp:attachment":[{"href":"https:\/\/mspontocom.com.br\/site\/wp-json\/wp\/v2\/media?parent=158629"}],"wp:term":[{"taxonomy":"category","embeddable":true,"href":"https:\/\/mspontocom.com.br\/site\/wp-json\/wp\/v2\/categories?post=158629"},{"taxonomy":"post_tag","embeddable":true,"href":"https:\/\/mspontocom.com.br\/site\/wp-json\/wp\/v2\/tags?post=158629"}],"curies":[{"name":"wp","href":"https:\/\/api.w.org\/{rel}","templated":true}]}}