{"id":159009,"date":"2021-04-27T07:53:09","date_gmt":"2021-04-27T11:53:09","guid":{"rendered":"https:\/\/mspontocom.com.br\/site\/?p=159009"},"modified":"2021-04-27T06:03:41","modified_gmt":"2021-04-27T10:03:41","slug":"minerva-foods-recebe-inscricoes-para-estagio-em-todo-brasil","status":"publish","type":"post","link":"https:\/\/mspontocom.com.br\/site\/minerva-foods-recebe-inscricoes-para-estagio-em-todo-brasil\/","title":{"rendered":"Minerva Foods recebe inscri\u00e7\u00f5es para Est\u00e1gio em todo Brasil"},"content":{"rendered":"<p style=\"text-align: justify;\"><img loading=\"lazy\" class=\"alignnone size-full wp-image-159011\" src=\"https:\/\/mspontocom.com.br\/site\/wp-content\/uploads\/2021\/04\/site-minerva-foods-recebe-inscricoes-para-estagio-em-todo-brasil-minerva.png\" alt=\"\" width=\"750\" height=\"375\" srcset=\"https:\/\/mspontocom.com.br\/site\/wp-content\/uploads\/2021\/04\/site-minerva-foods-recebe-inscricoes-para-estagio-em-todo-brasil-minerva.png 750w, https:\/\/mspontocom.com.br\/site\/wp-content\/uploads\/2021\/04\/site-minerva-foods-recebe-inscricoes-para-estagio-em-todo-brasil-minerva-260x130.png 260w\" sizes=\"(max-width: 750px) 100vw, 750px\" \/>A\u00a0<strong>Minerva Foods<\/strong>, especializada em exporta\u00e7\u00e3o de carne bovina, prorrogou o prazo de inscri\u00e7\u00f5es para o seu Programa de Est\u00e1gio 2021 &#8211; Seja + Minerva, destinado aos estudantes\u00a0do ensino superior de diversas \u00e1reas.<\/p>\n<p style=\"text-align: justify;\"><strong>Candidatos de todas as regi\u00f5es do Brasil podem participar do processo seletivo.<\/strong><\/p>\n<p style=\"text-align: justify;\">Os interessados precisam ter disponibilidade de 30 horas semanais para o est\u00e1gio.<\/p>\n<p style=\"text-align: justify;\">Para participar, os estudantes interessados no Programa de Est\u00e1gio 2021 &#8211; Seja + Minerva devem se inscrever at\u00e9 o dia 30 de maio, no site\u00a0<a href=\"https:\/\/www.minervafoods.com\/estagio2021\" target=\"_blank\" rel=\"noopener\">www.minervafoods.com\/estagio2021<\/a>.<\/p>\n","protected":false},"excerpt":{"rendered":"<p>A\u00a0Minerva Foods, especializada em exporta\u00e7\u00e3o de carne bovina, prorrogou o prazo de inscri\u00e7\u00f5es para o seu Programa de Est\u00e1gio 2021 &#8211; Seja + Minerva, destinado aos estudantes\u00a0do ensino superior de diversas \u00e1reas. Candidatos de todas as regi\u00f5es do Brasil podem participar do processo seletivo. Os interessados precisam ter disponibilidade de 30 horas semanais para o [&hellip;]<\/p>\n","protected":false},"author":2,"featured_media":159011,"comment_status":"open","ping_status":"open","sticky":false,"template":"","format":"standard","meta":{"_monsterinsights_skip_tracking":false,"_monsterinsights_sitenote_active":false,"_monsterinsights_sitenote_note":"","_monsterinsights_sitenote_category":0},"categories":[28176],"tags":[],"aioseo_notices":[],"_links":{"self":[{"href":"https:\/\/mspontocom.com.br\/site\/wp-json\/wp\/v2\/posts\/159009"}],"collection":[{"href":"https:\/\/mspontocom.com.br\/site\/wp-json\/wp\/v2\/posts"}],"about":[{"href":"https:\/\/mspontocom.com.br\/site\/wp-json\/wp\/v2\/types\/post"}],"author":[{"embeddable":true,"href":"https:\/\/mspontocom.com.br\/site\/wp-json\/wp\/v2\/users\/2"}],"replies":[{"embeddable":true,"href":"https:\/\/mspontocom.com.br\/site\/wp-json\/wp\/v2\/comments?post=159009"}],"version-history":[{"count":2,"href":"https:\/\/mspontocom.com.br\/site\/wp-json\/wp\/v2\/posts\/159009\/revisions"}],"predecessor-version":[{"id":159012,"href":"https:\/\/mspontocom.com.br\/site\/wp-json\/wp\/v2\/posts\/159009\/revisions\/159012"}],"wp:featuredmedia":[{"embeddable":true,"href":"https:\/\/mspontocom.com.br\/site\/wp-json\/wp\/v2\/media\/159011"}],"wp:attachment":[{"href":"https:\/\/mspontocom.com.br\/site\/wp-json\/wp\/v2\/media?parent=159009"}],"wp:term":[{"taxonomy":"category","embeddable":true,"href":"https:\/\/mspontocom.com.br\/site\/wp-json\/wp\/v2\/categories?post=159009"},{"taxonomy":"post_tag","embeddable":true,"href":"https:\/\/mspontocom.com.br\/site\/wp-json\/wp\/v2\/tags?post=159009"}],"curies":[{"name":"wp","href":"https:\/\/api.w.org\/{rel}","templated":true}]}}