{"id":159083,"date":"2021-04-29T05:02:18","date_gmt":"2021-04-29T09:02:18","guid":{"rendered":"https:\/\/mspontocom.com.br\/site\/?p=159083"},"modified":"2021-04-29T05:28:33","modified_gmt":"2021-04-29T09:28:33","slug":"a-pedido-de-lula-mpf-vai-apurar-cooperacao-internacional-da-lava-jato","status":"publish","type":"post","link":"https:\/\/mspontocom.com.br\/site\/a-pedido-de-lula-mpf-vai-apurar-cooperacao-internacional-da-lava-jato\/","title":{"rendered":"A pedido de Lula, MPF vai apurar coopera\u00e7\u00e3o internacional da Lava Jato"},"content":{"rendered":"<p style=\"text-align: justify;\"><img loading=\"lazy\" class=\"alignnone size-full wp-image-159089\" src=\"https:\/\/mspontocom.com.br\/site\/wp-content\/uploads\/2021\/04\/site-a-pedido-de-lula-mpf-vai-apurar-cooperacao-internacional-da-lava-jato-lula-rindo-696x464-e1619688434832.jpeg\" alt=\"\" width=\"690\" height=\"426\" srcset=\"https:\/\/mspontocom.com.br\/site\/wp-content\/uploads\/2021\/04\/site-a-pedido-de-lula-mpf-vai-apurar-cooperacao-internacional-da-lava-jato-lula-rindo-696x464-e1619688434832.jpeg 690w, https:\/\/mspontocom.com.br\/site\/wp-content\/uploads\/2021\/04\/site-a-pedido-de-lula-mpf-vai-apurar-cooperacao-internacional-da-lava-jato-lula-rindo-696x464-e1619688434832-260x161.jpeg 260w\" sizes=\"(max-width: 690px) 100vw, 690px\" \/><\/p>\n<p style=\"text-align: justify;\">A Corregedoria-Geral do MPF (Minist\u00e9rio P\u00fablico Federal) determinou a abertura de uma sindic\u00e2ncia para apurar poss\u00edveis irregularidades nas tratativas de coopera\u00e7\u00e3o internacional da for\u00e7a-tarefa da Lava Jato no Paran\u00e1 com autoridades de Su\u00ed\u00e7a e Estados Unidos.<\/p>\n<p style=\"text-align: justify;\">A decis\u00e3o foi tomada pela subprocuradora-geral da Rep\u00fablica Elizeta Maria de Paiva Ramos, corregedora-geral do MPF .<\/p>\n<p style=\"text-align: justify;\">O fato foi questionado pela defesa do ex-presidente Luiz In\u00e1cio Lula da Silva (PT) junto ao STF (Supremo Tribunal Federal).<\/p>\n<p style=\"text-align: justify;\">Em diversas decis\u00f5es, o ministro Ricardo Lewandowski reiterou a necessidade de que os questionamentos feitos pelos advogados de Lula fossem respondidos e as poss\u00edveis irregularidades fossem investigadas.<\/p>\n<p style=\"text-align: justify;\">A Lava Jato sustentou que, &#8220;para o interc\u00e2mbio de informa\u00e7\u00f5es entre os pa\u00edses, antes da formaliza\u00e7\u00e3o dos pedidos de coopera\u00e7\u00e3o internacional por meio dos canais diplom\u00e1ticos, \u00e9 altamente recomend\u00e1vel e legal que as autoridades mantenham contatos informais e diretos&#8221;<\/p>\n","protected":false},"excerpt":{"rendered":"<p>A Corregedoria-Geral do MPF (Minist\u00e9rio P\u00fablico Federal) determinou a abertura de uma sindic\u00e2ncia para apurar poss\u00edveis irregularidades nas tratativas de coopera\u00e7\u00e3o internacional da for\u00e7a-tarefa da Lava Jato no Paran\u00e1 com autoridades de Su\u00ed\u00e7a e Estados Unidos. A decis\u00e3o foi tomada pela subprocuradora-geral da Rep\u00fablica Elizeta Maria de Paiva Ramos, corregedora-geral do MPF . O fato [&hellip;]<\/p>\n","protected":false},"author":2,"featured_media":159089,"comment_status":"open","ping_status":"open","sticky":false,"template":"","format":"standard","meta":{"_monsterinsights_skip_tracking":false,"_monsterinsights_sitenote_active":false,"_monsterinsights_sitenote_note":"","_monsterinsights_sitenote_category":0},"categories":[6,30260,2528,30259],"tags":[],"aioseo_notices":[],"_links":{"self":[{"href":"https:\/\/mspontocom.com.br\/site\/wp-json\/wp\/v2\/posts\/159083"}],"collection":[{"href":"https:\/\/mspontocom.com.br\/site\/wp-json\/wp\/v2\/posts"}],"about":[{"href":"https:\/\/mspontocom.com.br\/site\/wp-json\/wp\/v2\/types\/post"}],"author":[{"embeddable":true,"href":"https:\/\/mspontocom.com.br\/site\/wp-json\/wp\/v2\/users\/2"}],"replies":[{"embeddable":true,"href":"https:\/\/mspontocom.com.br\/site\/wp-json\/wp\/v2\/comments?post=159083"}],"version-history":[{"count":2,"href":"https:\/\/mspontocom.com.br\/site\/wp-json\/wp\/v2\/posts\/159083\/revisions"}],"predecessor-version":[{"id":159090,"href":"https:\/\/mspontocom.com.br\/site\/wp-json\/wp\/v2\/posts\/159083\/revisions\/159090"}],"wp:featuredmedia":[{"embeddable":true,"href":"https:\/\/mspontocom.com.br\/site\/wp-json\/wp\/v2\/media\/159089"}],"wp:attachment":[{"href":"https:\/\/mspontocom.com.br\/site\/wp-json\/wp\/v2\/media?parent=159083"}],"wp:term":[{"taxonomy":"category","embeddable":true,"href":"https:\/\/mspontocom.com.br\/site\/wp-json\/wp\/v2\/categories?post=159083"},{"taxonomy":"post_tag","embeddable":true,"href":"https:\/\/mspontocom.com.br\/site\/wp-json\/wp\/v2\/tags?post=159083"}],"curies":[{"name":"wp","href":"https:\/\/api.w.org\/{rel}","templated":true}]}}