{"id":159118,"date":"2021-04-29T13:40:54","date_gmt":"2021-04-29T17:40:54","guid":{"rendered":"https:\/\/mspontocom.com.br\/site\/?p=159118"},"modified":"2021-04-29T13:40:54","modified_gmt":"2021-04-29T17:40:54","slug":"camara-brasil-alemanha-facilita-o-ingresso-de-brasileiros-no-mercado-de-trabalho-alemao","status":"publish","type":"post","link":"https:\/\/mspontocom.com.br\/site\/camara-brasil-alemanha-facilita-o-ingresso-de-brasileiros-no-mercado-de-trabalho-alemao\/","title":{"rendered":"C\u00e2mara Brasil-Alemanha facilita o ingresso de brasileiros no mercado de trabalho alem\u00e3o"},"content":{"rendered":"<p style=\"font-weight: 400; text-align: justify;\"><img loading=\"lazy\" class=\"alignnone size-full wp-image-159119\" src=\"https:\/\/mspontocom.com.br\/site\/wp-content\/uploads\/2021\/04\/site-camara-brasil-alemanha-facilita-o-ingresso-de-brasileiros-no-mercado-de-trabalho-alemao-ale1.jpg\" alt=\"\" width=\"210\" height=\"210\" srcset=\"https:\/\/mspontocom.com.br\/site\/wp-content\/uploads\/2021\/04\/site-camara-brasil-alemanha-facilita-o-ingresso-de-brasileiros-no-mercado-de-trabalho-alemao-ale1.jpg 210w, https:\/\/mspontocom.com.br\/site\/wp-content\/uploads\/2021\/04\/site-camara-brasil-alemanha-facilita-o-ingresso-de-brasileiros-no-mercado-de-trabalho-alemao-ale1-150x150.jpg 150w\" sizes=\"(max-width: 210px) 100vw, 210px\" \/><\/p>\n<p style=\"font-weight: 400; text-align: justify;\">A Alemanha \u00e9 um alvo de interesse para diversos profissionais brasileiros.<\/p>\n<p style=\"font-weight: 400; text-align: justify;\">Motivada pela sua miss\u00e3o de proporcionar o interc\u00e2mbio entre esses dois pa\u00edses, a\u00a0<strong>C\u00e2mara de Com\u00e9rcio e Ind\u00fastria Brasil-Alemanha de S\u00e3o Paulo (AHK S\u00e3o Paulo)\u00a0<\/strong>firmou uma coopera\u00e7\u00e3o com o governo alem\u00e3o para a implementa\u00e7\u00e3o de dois projetos que facilitam o ingresso de profissionais estrangeiros das mais diversas \u00e1reas no mercado de trabalho alem\u00e3o.<\/p>\n<p style=\"font-weight: 400; text-align: justify;\">A partir dessa parceria, os projetos ProRecognition e\u00a0<em>Hand in Hand for International Talents<\/em>\u00a0puderam ser implementados no Brasil.<\/p>\n<p style=\"font-weight: 400; text-align: justify;\">O\u00a0<strong>ProRecognition<\/strong>\u00a0\u00e9 financiado pelo Minist\u00e9rio Federal da Educa\u00e7\u00e3o e Pesquisa da Alemanha (BMBF em sua sigla em alem\u00e3o) em coopera\u00e7\u00e3o com a matriz da C\u00e2mara Brasil-Alemanha de S\u00e3o Paulo, a Confedera\u00e7\u00e3o Alem\u00e3 das C\u00e2maras de Com\u00e9rcio e Ind\u00fastria (DIHK em sua sigla no alem\u00e3o).<\/p>\n<p style=\"font-weight: 400; text-align: justify;\">J\u00e1 o\u00a0<strong><em>Hand in Hand for International Talents<\/em><\/strong>\u00a0\u00e9 um projeto piloto \u00adfinanciado pelo Minist\u00e9rio Federal de Economia e Energia da Alemanha (BMWi, em sua sigla em alem\u00e3o) e coordenado pela DIHK em parceria com a Ag\u00eancia Federal de Emprego da Alemanha (<em>Bundesagentur f\u00fcr Arbeit<\/em>), as C\u00e2maras de Com\u00e9rcio e Ind\u00fastria da Alemanha (IHKs) e a AHK S\u00e3o Paulo.<\/p>\n<p style=\"font-weight: 400; text-align: justify;\">Com dura\u00e7\u00e3o estimada at\u00e9 junho de 2023, o projeto busca encontrar profissionais de n\u00edvel t\u00e9cnico e tecn\u00f3logo e experientes nas \u00e1reas el\u00e9tricas, eletr\u00f4nicas,Tecnologia da Informa\u00e7\u00e3o (desenvolvedores de software e programadores) e gastronomia para trabalhar e morar na Alemanha.<\/p>\n<p style=\"font-weight: 400; text-align: justify;\">Os poss\u00edveis candidatos do\u00a0<em>Hand in Hand<\/em>\u00a0devem apresentar experi\u00eancia profissional de, no m\u00ednimo, dois anos, al\u00e9m de residir no Brasil.<\/p>\n<p style=\"font-weight: 400; text-align: justify;\">Para interessados em saber mais sobre ambos os projetos, basta acessar os links ou enviar um e-mail para os respectivos endere\u00e7os:<br \/>\n<strong>ProRecognition<\/strong>:\u00a0<a href=\"https:\/\/bit.ly\/ProReconigtion\" data-saferedirecturl=\"https:\/\/www.google.com\/url?q=https:\/\/bit.ly\/ProReconigtion&amp;source=gmail&amp;ust=1619790899117000&amp;usg=AFQjCNHQKOJTCEn20jghF1eN7u8mGIwGVw\">https:\/\/bit.ly\/ProReconigtion<\/a>\u00a0ou\u00a0<a href=\"mailto:info.alemanha@ahkbrasil.com\">info.alemanha@ahkbrasil.com<\/a><\/p>\n<p style=\"font-weight: 400; text-align: justify;\"><strong>Hand in Hand for International Talents<\/strong>:\u00a0<a href=\"https:\/\/bit.ly\/HandinHandforIntenationalTalents\" data-saferedirecturl=\"https:\/\/www.google.com\/url?q=https:\/\/bit.ly\/HandinHandforIntenationalTalents&amp;source=gmail&amp;ust=1619790899117000&amp;usg=AFQjCNGrdJvjMRI-AWpWZz0xSTZVf49BQA\">https:\/\/bit.ly\/HandinHandforIntenationalTalents<\/a>\u00a0ou\u00a0<a href=\"mailto:deborah.Zornoff@ahkbrasil.com\">deborah.Zornoff@ahkbrasil.com<\/a><\/p>\n<p style=\"font-weight: 400; text-align: justify;\">Confira tamb\u00e9m as redes sociais dos projetos:<\/p>\n<p style=\"font-weight: 400; text-align: justify;\"><a href=\"https:\/\/www.linkedin.com\/showcase\/prorecognition-e-hand-in-hand\/\" data-saferedirecturl=\"https:\/\/www.google.com\/url?q=https:\/\/www.linkedin.com\/showcase\/prorecognition-e-hand-in-hand\/&amp;source=gmail&amp;ust=1619790899117000&amp;usg=AFQjCNEH-dEhTGDNHIUpETjvj3VaekUiyQ\">https:\/\/www.linkedin.com\/showcase\/prorecognition-e-hand-in-hand\/<\/a><\/p>\n<p style=\"font-weight: 400; text-align: justify;\"><a href=\"https:\/\/www.facebook.com\/prorecognitionbrasil\" data-saferedirecturl=\"https:\/\/www.google.com\/url?q=https:\/\/www.facebook.com\/prorecognitionbrasil&amp;source=gmail&amp;ust=1619790899117000&amp;usg=AFQjCNFAdA6V1C4RHCCSZBvHMHT8jPISAw\">https:\/\/www.facebook.com\/prorecognitionbrasil<\/a><\/p>\n","protected":false},"excerpt":{"rendered":"<p>A Alemanha \u00e9 um alvo de interesse para diversos profissionais brasileiros. Motivada pela sua miss\u00e3o de proporcionar o interc\u00e2mbio entre esses dois pa\u00edses, a\u00a0C\u00e2mara de Com\u00e9rcio e Ind\u00fastria Brasil-Alemanha de S\u00e3o Paulo (AHK S\u00e3o Paulo)\u00a0firmou uma coopera\u00e7\u00e3o com o governo alem\u00e3o para a implementa\u00e7\u00e3o de dois projetos que facilitam o ingresso de profissionais estrangeiros das [&hellip;]<\/p>\n","protected":false},"author":2,"featured_media":159119,"comment_status":"open","ping_status":"open","sticky":false,"template":"","format":"standard","meta":{"_monsterinsights_skip_tracking":false,"_monsterinsights_sitenote_active":false,"_monsterinsights_sitenote_note":"","_monsterinsights_sitenote_category":0},"categories":[28176],"tags":[],"aioseo_notices":[],"_links":{"self":[{"href":"https:\/\/mspontocom.com.br\/site\/wp-json\/wp\/v2\/posts\/159118"}],"collection":[{"href":"https:\/\/mspontocom.com.br\/site\/wp-json\/wp\/v2\/posts"}],"about":[{"href":"https:\/\/mspontocom.com.br\/site\/wp-json\/wp\/v2\/types\/post"}],"author":[{"embeddable":true,"href":"https:\/\/mspontocom.com.br\/site\/wp-json\/wp\/v2\/users\/2"}],"replies":[{"embeddable":true,"href":"https:\/\/mspontocom.com.br\/site\/wp-json\/wp\/v2\/comments?post=159118"}],"version-history":[{"count":1,"href":"https:\/\/mspontocom.com.br\/site\/wp-json\/wp\/v2\/posts\/159118\/revisions"}],"predecessor-version":[{"id":159120,"href":"https:\/\/mspontocom.com.br\/site\/wp-json\/wp\/v2\/posts\/159118\/revisions\/159120"}],"wp:featuredmedia":[{"embeddable":true,"href":"https:\/\/mspontocom.com.br\/site\/wp-json\/wp\/v2\/media\/159119"}],"wp:attachment":[{"href":"https:\/\/mspontocom.com.br\/site\/wp-json\/wp\/v2\/media?parent=159118"}],"wp:term":[{"taxonomy":"category","embeddable":true,"href":"https:\/\/mspontocom.com.br\/site\/wp-json\/wp\/v2\/categories?post=159118"},{"taxonomy":"post_tag","embeddable":true,"href":"https:\/\/mspontocom.com.br\/site\/wp-json\/wp\/v2\/tags?post=159118"}],"curies":[{"name":"wp","href":"https:\/\/api.w.org\/{rel}","templated":true}]}}