{"id":159212,"date":"2021-05-03T07:22:58","date_gmt":"2021-05-03T11:22:58","guid":{"rendered":"https:\/\/mspontocom.com.br\/site\/?p=159212"},"modified":"2021-05-03T07:22:58","modified_gmt":"2021-05-03T11:22:58","slug":"mato-grosso-do-sul-comeca-maio-com-1-048-oportunidades-de-emprego","status":"publish","type":"post","link":"https:\/\/mspontocom.com.br\/site\/mato-grosso-do-sul-comeca-maio-com-1-048-oportunidades-de-emprego\/","title":{"rendered":"Mato Grosso do Sul come\u00e7a maio com 1.048 oportunidades de emprego"},"content":{"rendered":"<p><img loading=\"lazy\" class=\"alignnone size-full wp-image-159213\" src=\"https:\/\/mspontocom.com.br\/site\/wp-content\/uploads\/2021\/05\/site-carteira-de-trabalho-868x644.jpg\" alt=\"\" width=\"868\" height=\"644\" srcset=\"https:\/\/mspontocom.com.br\/site\/wp-content\/uploads\/2021\/05\/site-carteira-de-trabalho-868x644.jpg 868w, https:\/\/mspontocom.com.br\/site\/wp-content\/uploads\/2021\/05\/site-carteira-de-trabalho-868x644-260x193.jpg 260w, https:\/\/mspontocom.com.br\/site\/wp-content\/uploads\/2021\/05\/site-carteira-de-trabalho-868x644-768x570.jpg 768w\" sizes=\"(max-width: 868px) 100vw, 868px\" \/>Na primeira semana do m\u00eas que celebra o Dia do Trabalho, a Funda\u00e7\u00e3o do Trabalho de Mato Grosso do Sul est\u00e1 com 1.048 oportunidades de recome\u00e7o no mercado formal.<\/p>\n<p style=\"text-align: justify;\">Na capital do Estado s\u00e3o 292 vagas dispon\u00edveis para \u00e1reas diversas.<\/p>\n<p style=\"text-align: justify;\">A Funtrab orienta que os interessados entrem em contato com o servi\u00e7o social pelo telefone 3320-1385.<\/p>\n<p style=\"text-align: justify;\">Para evitar aglomera\u00e7\u00f5es na capital, a recomenda\u00e7\u00e3o \u00e9 que o trabalhador baixe no celular o aplicativo MS Contrata + nas lojas de aplicativo e agende o atendimento.<\/p>\n<p style=\"text-align: justify;\">No interior do Estado as oportunidades est\u00e3o dispon\u00edveis nos seguintes munic\u00edpios: Itaquira\u00ed (147), Dourados (141), Amambai (87), Navira\u00ed (48), Ponta Por\u00e3 (40), Ribas do Rio Pardo (29), Guia Lopes da Laguna (28), Tr\u00eas Lagoas (25), Corumb\u00e1 (22), Chapad\u00e3o do Sul (22), Eldorado (21) e Nova Alvorada do Sul (20).<\/p>\n<p style=\"text-align: justify;\">A segunda-feira tamb\u00e9m come\u00e7a com vagas dispon\u00edveis nas unidades da Casa do Trabalhador de Jardim (17), Maracaju (17), Cassil\u00e2ndia (16), Sidrol\u00e2ndia (16), Caarap\u00f3 (15), Nova Andradina (11), Costa Rica (9), Aquidauana (7), Iguatemi (7), Parana\u00edba (5), S\u00e3o Gabriel do Oeste (4) e Rio Brilhante (2).<\/p>\n<p style=\"text-align: justify;\">Confira\u00a0<a href=\"https:\/\/www.funtrab.ms.gov.br\/lista-de-vagas-em-destaque\/\"><strong>aqui<\/strong><\/a>\u00a0o detalhamento das vagas, endere\u00e7os, telefones e hor\u00e1rios de funcionamento das unidades da capital e do interior do Estado.<\/p>\n","protected":false},"excerpt":{"rendered":"<p>Na primeira semana do m\u00eas que celebra o Dia do Trabalho, a Funda\u00e7\u00e3o do Trabalho de Mato Grosso do Sul est\u00e1 com 1.048 oportunidades de recome\u00e7o no mercado formal. Na capital do Estado s\u00e3o 292 vagas dispon\u00edveis para \u00e1reas diversas. A Funtrab orienta que os interessados entrem em contato com o servi\u00e7o social pelo telefone [&hellip;]<\/p>\n","protected":false},"author":2,"featured_media":159213,"comment_status":"open","ping_status":"open","sticky":false,"template":"","format":"standard","meta":{"_monsterinsights_skip_tracking":false,"_monsterinsights_sitenote_active":false,"_monsterinsights_sitenote_note":"","_monsterinsights_sitenote_category":0},"categories":[28176],"tags":[],"aioseo_notices":[],"_links":{"self":[{"href":"https:\/\/mspontocom.com.br\/site\/wp-json\/wp\/v2\/posts\/159212"}],"collection":[{"href":"https:\/\/mspontocom.com.br\/site\/wp-json\/wp\/v2\/posts"}],"about":[{"href":"https:\/\/mspontocom.com.br\/site\/wp-json\/wp\/v2\/types\/post"}],"author":[{"embeddable":true,"href":"https:\/\/mspontocom.com.br\/site\/wp-json\/wp\/v2\/users\/2"}],"replies":[{"embeddable":true,"href":"https:\/\/mspontocom.com.br\/site\/wp-json\/wp\/v2\/comments?post=159212"}],"version-history":[{"count":1,"href":"https:\/\/mspontocom.com.br\/site\/wp-json\/wp\/v2\/posts\/159212\/revisions"}],"predecessor-version":[{"id":159214,"href":"https:\/\/mspontocom.com.br\/site\/wp-json\/wp\/v2\/posts\/159212\/revisions\/159214"}],"wp:featuredmedia":[{"embeddable":true,"href":"https:\/\/mspontocom.com.br\/site\/wp-json\/wp\/v2\/media\/159213"}],"wp:attachment":[{"href":"https:\/\/mspontocom.com.br\/site\/wp-json\/wp\/v2\/media?parent=159212"}],"wp:term":[{"taxonomy":"category","embeddable":true,"href":"https:\/\/mspontocom.com.br\/site\/wp-json\/wp\/v2\/categories?post=159212"},{"taxonomy":"post_tag","embeddable":true,"href":"https:\/\/mspontocom.com.br\/site\/wp-json\/wp\/v2\/tags?post=159212"}],"curies":[{"name":"wp","href":"https:\/\/api.w.org\/{rel}","templated":true}]}}