{"id":159242,"date":"2021-05-04T07:26:00","date_gmt":"2021-05-04T11:26:00","guid":{"rendered":"https:\/\/mspontocom.com.br\/site\/?p=159242"},"modified":"2021-05-04T07:26:00","modified_gmt":"2021-05-04T11:26:00","slug":"volkswagen-abre-inscricoes-para-programa-de-trainee","status":"publish","type":"post","link":"https:\/\/mspontocom.com.br\/site\/volkswagen-abre-inscricoes-para-programa-de-trainee\/","title":{"rendered":"Volkswagen abre inscri\u00e7\u00f5es para Programa de Trainee"},"content":{"rendered":"<p style=\"text-align: justify;\"><img loading=\"lazy\" class=\"alignnone size-full wp-image-159243\" src=\"https:\/\/mspontocom.com.br\/site\/wp-content\/uploads\/2021\/05\/site-volkswagen-abre-inscricoes-para-programa-de-trainee-volks.jpg\" alt=\"\" width=\"469\" height=\"286\" srcset=\"https:\/\/mspontocom.com.br\/site\/wp-content\/uploads\/2021\/05\/site-volkswagen-abre-inscricoes-para-programa-de-trainee-volks.jpg 469w, https:\/\/mspontocom.com.br\/site\/wp-content\/uploads\/2021\/05\/site-volkswagen-abre-inscricoes-para-programa-de-trainee-volks-260x159.jpg 260w\" sizes=\"(max-width: 469px) 100vw, 469px\" \/><\/p>\n<p style=\"text-align: justify;\">A\u00a0<strong>Volkswagen do Brasil<\/strong>\u00a0abriu o prazo de inscri\u00e7\u00f5es para seu Programa Trainee &#8211; Nova Gera\u00e7\u00e3o 2021, com oportunidades\u00a0para os graduados entre 2016 e 2020<\/p>\n<p style=\"text-align: justify;\">As oportunidades\u00a0est\u00e3o abertas para profissionais de diferentes idades, g\u00eanero, cor, cursos de forma\u00e7\u00e3o e institui\u00e7\u00e3o de ensino.<\/p>\n<p style=\"text-align: justify;\">\u00c9 necess\u00e1rio ter ingl\u00eas avan\u00e7ado, experi\u00eancia profissional e disponibilidade para atuar em qualquer localidade da empresa.<\/p>\n<p style=\"text-align: justify;\">As inscri\u00e7\u00f5es para o Programa de Trainee &#8211; Nova Gera\u00e7\u00e3o 2021 v\u00e3o at\u00e9 30 de maio no link\u00a0<a href=\"https:\/\/volkswagen.across.jobs\/\" target=\"_blank\" rel=\"noopener\">https:\/\/volkswagen.across.jobs<\/a>.<\/p>\n<p style=\"text-align: justify;\">Vagas para atuar em S\u00e3o Bernardo do Campo (SP),\u00a0 Taubat\u00e9 (SP), S\u00e3o Carlos (SP) e S\u00e3o Jos\u00e9 dos Pinhais (PR).<\/p>\n","protected":false},"excerpt":{"rendered":"<p>A\u00a0Volkswagen do Brasil\u00a0abriu o prazo de inscri\u00e7\u00f5es para seu Programa Trainee &#8211; Nova Gera\u00e7\u00e3o 2021, com oportunidades\u00a0para os graduados entre 2016 e 2020 As oportunidades\u00a0est\u00e3o abertas para profissionais de diferentes idades, g\u00eanero, cor, cursos de forma\u00e7\u00e3o e institui\u00e7\u00e3o de ensino. \u00c9 necess\u00e1rio ter ingl\u00eas avan\u00e7ado, experi\u00eancia profissional e disponibilidade para atuar em qualquer localidade da [&hellip;]<\/p>\n","protected":false},"author":2,"featured_media":159243,"comment_status":"open","ping_status":"open","sticky":false,"template":"","format":"standard","meta":{"_monsterinsights_skip_tracking":false,"_monsterinsights_sitenote_active":false,"_monsterinsights_sitenote_note":"","_monsterinsights_sitenote_category":0},"categories":[28176],"tags":[],"aioseo_notices":[],"_links":{"self":[{"href":"https:\/\/mspontocom.com.br\/site\/wp-json\/wp\/v2\/posts\/159242"}],"collection":[{"href":"https:\/\/mspontocom.com.br\/site\/wp-json\/wp\/v2\/posts"}],"about":[{"href":"https:\/\/mspontocom.com.br\/site\/wp-json\/wp\/v2\/types\/post"}],"author":[{"embeddable":true,"href":"https:\/\/mspontocom.com.br\/site\/wp-json\/wp\/v2\/users\/2"}],"replies":[{"embeddable":true,"href":"https:\/\/mspontocom.com.br\/site\/wp-json\/wp\/v2\/comments?post=159242"}],"version-history":[{"count":1,"href":"https:\/\/mspontocom.com.br\/site\/wp-json\/wp\/v2\/posts\/159242\/revisions"}],"predecessor-version":[{"id":159244,"href":"https:\/\/mspontocom.com.br\/site\/wp-json\/wp\/v2\/posts\/159242\/revisions\/159244"}],"wp:featuredmedia":[{"embeddable":true,"href":"https:\/\/mspontocom.com.br\/site\/wp-json\/wp\/v2\/media\/159243"}],"wp:attachment":[{"href":"https:\/\/mspontocom.com.br\/site\/wp-json\/wp\/v2\/media?parent=159242"}],"wp:term":[{"taxonomy":"category","embeddable":true,"href":"https:\/\/mspontocom.com.br\/site\/wp-json\/wp\/v2\/categories?post=159242"},{"taxonomy":"post_tag","embeddable":true,"href":"https:\/\/mspontocom.com.br\/site\/wp-json\/wp\/v2\/tags?post=159242"}],"curies":[{"name":"wp","href":"https:\/\/api.w.org\/{rel}","templated":true}]}}