{"id":159391,"date":"2021-05-08T06:07:44","date_gmt":"2021-05-08T10:07:44","guid":{"rendered":"https:\/\/mspontocom.com.br\/site\/?p=159391"},"modified":"2021-05-08T06:21:23","modified_gmt":"2021-05-08T10:21:23","slug":"coppolla-vai-ao-stf-para-obrigar-pacheco-a-desbloquear-suas-redes-sociais","status":"publish","type":"post","link":"https:\/\/mspontocom.com.br\/site\/coppolla-vai-ao-stf-para-obrigar-pacheco-a-desbloquear-suas-redes-sociais\/","title":{"rendered":"Coppolla vai ao STF para obrigar Pacheco a desbloquear suas redes sociais"},"content":{"rendered":"<p style=\"text-align: justify;\"><img loading=\"lazy\" class=\"alignnone size-full wp-image-159397\" src=\"https:\/\/mspontocom.com.br\/site\/wp-content\/uploads\/2021\/05\/site-coppolla-vai-ao-stf-para-obrigar-pacheco-a-desbloquear-suas-redes-sociais-caio-e1620469202148.jpg\" alt=\"\" width=\"625\" height=\"387\" srcset=\"https:\/\/mspontocom.com.br\/site\/wp-content\/uploads\/2021\/05\/site-coppolla-vai-ao-stf-para-obrigar-pacheco-a-desbloquear-suas-redes-sociais-caio-e1620469202148.jpg 625w, https:\/\/mspontocom.com.br\/site\/wp-content\/uploads\/2021\/05\/site-coppolla-vai-ao-stf-para-obrigar-pacheco-a-desbloquear-suas-redes-sociais-caio-e1620469202148-260x161.jpg 260w\" sizes=\"(max-width: 625px) 100vw, 625px\" \/><\/p>\n<p style=\"text-align: justify;\">O comentarista pol\u00edtico Caio Coppolla entrou com um pedido de liminar no STF (Supremo Tribunal Federal) para obrigar o presidente do Senado, Rodrigo Pacheco (DEM-MG) a desbloquear suas redes sociais.<\/p>\n<p style=\"text-align: justify;\">\u00a0No pedido, Coppolla argumenta que \u00e9 necess\u00e1rio tornar os perfis do senador no Facebook, Twitter e Instagram p\u00fablicos para garantir o acesso \u00e0 informa\u00e7\u00e3o, liberdade de manifesta\u00e7\u00e3o e de express\u00e3o que estariam &#8220;cerceados&#8221;.<\/p>\n<p style=\"text-align: justify;\">Ele cita o fato de ser comentarista pol\u00edtico e diz que seu trabalho estaria sendo prejudicado, assim como a liberdade de imprensa.<\/p>\n<p style=\"text-align: justify;\">O texto argumenta que o bloqueio \u00e9 indevido porque impede o acesso dos brasileiros &#8220;a perfil p\u00fablico de autoridade p\u00fablica investida em cargo p\u00fablico com uso de verba p\u00fablica para manuten\u00e7\u00e3o de tais redes&#8221;.<\/p>\n<p style=\"text-align: justify;\">O texto diz, ainda, que acessar a atua\u00e7\u00e3o do parlamentar \u00e9 um direito de todo cidad\u00e3o e, sendo assim, bloquear a permiss\u00e3o seria &#8220;uma forma expl\u00edcita de censura&#8221;..<\/p>\n","protected":false},"excerpt":{"rendered":"<p>O comentarista pol\u00edtico Caio Coppolla entrou com um pedido de liminar no STF (Supremo Tribunal Federal) para obrigar o presidente do Senado, Rodrigo Pacheco (DEM-MG) a desbloquear suas redes sociais. \u00a0No pedido, Coppolla argumenta que \u00e9 necess\u00e1rio tornar os perfis do senador no Facebook, Twitter e Instagram p\u00fablicos para garantir o acesso \u00e0 informa\u00e7\u00e3o, liberdade [&hellip;]<\/p>\n","protected":false},"author":2,"featured_media":159397,"comment_status":"open","ping_status":"open","sticky":false,"template":"","format":"standard","meta":{"_monsterinsights_skip_tracking":false,"_monsterinsights_sitenote_active":false,"_monsterinsights_sitenote_note":"","_monsterinsights_sitenote_category":0},"categories":[30260,30259,12],"tags":[],"aioseo_notices":[],"_links":{"self":[{"href":"https:\/\/mspontocom.com.br\/site\/wp-json\/wp\/v2\/posts\/159391"}],"collection":[{"href":"https:\/\/mspontocom.com.br\/site\/wp-json\/wp\/v2\/posts"}],"about":[{"href":"https:\/\/mspontocom.com.br\/site\/wp-json\/wp\/v2\/types\/post"}],"author":[{"embeddable":true,"href":"https:\/\/mspontocom.com.br\/site\/wp-json\/wp\/v2\/users\/2"}],"replies":[{"embeddable":true,"href":"https:\/\/mspontocom.com.br\/site\/wp-json\/wp\/v2\/comments?post=159391"}],"version-history":[{"count":2,"href":"https:\/\/mspontocom.com.br\/site\/wp-json\/wp\/v2\/posts\/159391\/revisions"}],"predecessor-version":[{"id":159398,"href":"https:\/\/mspontocom.com.br\/site\/wp-json\/wp\/v2\/posts\/159391\/revisions\/159398"}],"wp:featuredmedia":[{"embeddable":true,"href":"https:\/\/mspontocom.com.br\/site\/wp-json\/wp\/v2\/media\/159397"}],"wp:attachment":[{"href":"https:\/\/mspontocom.com.br\/site\/wp-json\/wp\/v2\/media?parent=159391"}],"wp:term":[{"taxonomy":"category","embeddable":true,"href":"https:\/\/mspontocom.com.br\/site\/wp-json\/wp\/v2\/categories?post=159391"},{"taxonomy":"post_tag","embeddable":true,"href":"https:\/\/mspontocom.com.br\/site\/wp-json\/wp\/v2\/tags?post=159391"}],"curies":[{"name":"wp","href":"https:\/\/api.w.org\/{rel}","templated":true}]}}