{"id":159439,"date":"2021-05-10T07:52:11","date_gmt":"2021-05-10T11:52:11","guid":{"rendered":"https:\/\/mspontocom.com.br\/site\/?p=159439"},"modified":"2021-05-10T07:52:11","modified_gmt":"2021-05-10T11:52:11","slug":"bolsonaro-diz-que-deve-realizar-atos-politicos-em-sp-rj-e-bh","status":"publish","type":"post","link":"https:\/\/mspontocom.com.br\/site\/bolsonaro-diz-que-deve-realizar-atos-politicos-em-sp-rj-e-bh\/","title":{"rendered":"Bolsonaro diz que deve realizar atos pol\u00edticos em SP, RJ e BH"},"content":{"rendered":"<p style=\"text-align: justify;\"><img loading=\"lazy\" class=\"alignnone size-full wp-image-159440\" src=\"https:\/\/mspontocom.com.br\/site\/wp-content\/uploads\/2021\/05\/site-bolsonaro-diz-que-deve-realizar-atos-politicos-em-sp-rj-e-bh-rio-e1620647462700.jpg\" alt=\"\" width=\"1098\" height=\"663\" srcset=\"https:\/\/mspontocom.com.br\/site\/wp-content\/uploads\/2021\/05\/site-bolsonaro-diz-que-deve-realizar-atos-politicos-em-sp-rj-e-bh-rio-e1620647462700.jpg 1098w, https:\/\/mspontocom.com.br\/site\/wp-content\/uploads\/2021\/05\/site-bolsonaro-diz-que-deve-realizar-atos-politicos-em-sp-rj-e-bh-rio-e1620647462700-260x157.jpg 260w, https:\/\/mspontocom.com.br\/site\/wp-content\/uploads\/2021\/05\/site-bolsonaro-diz-que-deve-realizar-atos-politicos-em-sp-rj-e-bh-rio-e1620647462700-768x464.jpg 768w, https:\/\/mspontocom.com.br\/site\/wp-content\/uploads\/2021\/05\/site-bolsonaro-diz-que-deve-realizar-atos-politicos-em-sp-rj-e-bh-rio-e1620647462700-1024x618.jpg 1024w\" sizes=\"(max-width: 1098px) 100vw, 1098px\" \/>O presidente da Rep\u00fablica, Jair Bolsonaro, afirmou que dever\u00e1 fazer eventos pol\u00edticos em S\u00e3o Paulo e Rio de Janeiro nas pr\u00f3ximas semanas.<\/p>\n<p style=\"text-align: justify;\">\u00a0Ele tem se manifestado contra as medidas de isolamento social impostas por governadores e prefeitos.<\/p>\n<p style=\"text-align: justify;\">\u201c<em>Na semana que vem, dependendo do convite do povo, vamos para S\u00e3o Paulo ou Rio de Janeiro<\/em>\u201c, disse o presidente, que tamb\u00e9m citou Belo Horizonte e um novo ato em Bras\u00edlia <strong>no dia 15 deste m\u00eas.<\/strong><\/p>\n<p style=\"text-align: justify;\">A fala do presidente foi em frente ao Pal\u00e1cio da Alvorada, depois de dar um passeio de moto por Bras\u00edlia acompanhado de centenas de motociclistas.<\/p>\n","protected":false},"excerpt":{"rendered":"<p>O presidente da Rep\u00fablica, Jair Bolsonaro, afirmou que dever\u00e1 fazer eventos pol\u00edticos em S\u00e3o Paulo e Rio de Janeiro nas pr\u00f3ximas semanas. \u00a0Ele tem se manifestado contra as medidas de isolamento social impostas por governadores e prefeitos. \u201cNa semana que vem, dependendo do convite do povo, vamos para S\u00e3o Paulo ou Rio de Janeiro\u201c, disse [&hellip;]<\/p>\n","protected":false},"author":2,"featured_media":159440,"comment_status":"open","ping_status":"open","sticky":false,"template":"","format":"standard","meta":{"_monsterinsights_skip_tracking":false,"_monsterinsights_sitenote_active":false,"_monsterinsights_sitenote_note":"","_monsterinsights_sitenote_category":0},"categories":[30260,30259,12],"tags":[],"aioseo_notices":[],"_links":{"self":[{"href":"https:\/\/mspontocom.com.br\/site\/wp-json\/wp\/v2\/posts\/159439"}],"collection":[{"href":"https:\/\/mspontocom.com.br\/site\/wp-json\/wp\/v2\/posts"}],"about":[{"href":"https:\/\/mspontocom.com.br\/site\/wp-json\/wp\/v2\/types\/post"}],"author":[{"embeddable":true,"href":"https:\/\/mspontocom.com.br\/site\/wp-json\/wp\/v2\/users\/2"}],"replies":[{"embeddable":true,"href":"https:\/\/mspontocom.com.br\/site\/wp-json\/wp\/v2\/comments?post=159439"}],"version-history":[{"count":1,"href":"https:\/\/mspontocom.com.br\/site\/wp-json\/wp\/v2\/posts\/159439\/revisions"}],"predecessor-version":[{"id":159441,"href":"https:\/\/mspontocom.com.br\/site\/wp-json\/wp\/v2\/posts\/159439\/revisions\/159441"}],"wp:featuredmedia":[{"embeddable":true,"href":"https:\/\/mspontocom.com.br\/site\/wp-json\/wp\/v2\/media\/159440"}],"wp:attachment":[{"href":"https:\/\/mspontocom.com.br\/site\/wp-json\/wp\/v2\/media?parent=159439"}],"wp:term":[{"taxonomy":"category","embeddable":true,"href":"https:\/\/mspontocom.com.br\/site\/wp-json\/wp\/v2\/categories?post=159439"},{"taxonomy":"post_tag","embeddable":true,"href":"https:\/\/mspontocom.com.br\/site\/wp-json\/wp\/v2\/tags?post=159439"}],"curies":[{"name":"wp","href":"https:\/\/api.w.org\/{rel}","templated":true}]}}