{"id":159507,"date":"2021-05-12T06:18:38","date_gmt":"2021-05-12T10:18:38","guid":{"rendered":"https:\/\/mspontocom.com.br\/site\/?p=159507"},"modified":"2021-05-12T06:34:17","modified_gmt":"2021-05-12T10:34:17","slug":"pf-pede-abertura-de-inquerito-contra-toffoli-por-venda-de-sentencas","status":"publish","type":"post","link":"https:\/\/mspontocom.com.br\/site\/pf-pede-abertura-de-inquerito-contra-toffoli-por-venda-de-sentencas\/","title":{"rendered":"PF pede abertura de inqu\u00e9rito contra Toffoli por venda de senten\u00e7as"},"content":{"rendered":"<p style=\"text-align: justify;\"><img loading=\"lazy\" class=\"alignnone size-full wp-image-159519\" src=\"https:\/\/mspontocom.com.br\/site\/wp-content\/uploads\/2021\/05\/site-pf-pede-abertura-de-inquerito-contra-toffoli-por-venda-de-sentencas-toffoli-e1620814625173.jpg\" alt=\"\" width=\"836\" height=\"624\" srcset=\"https:\/\/mspontocom.com.br\/site\/wp-content\/uploads\/2021\/05\/site-pf-pede-abertura-de-inquerito-contra-toffoli-por-venda-de-sentencas-toffoli-e1620814625173.jpg 836w, https:\/\/mspontocom.com.br\/site\/wp-content\/uploads\/2021\/05\/site-pf-pede-abertura-de-inquerito-contra-toffoli-por-venda-de-sentencas-toffoli-e1620814625173-260x194.jpg 260w, https:\/\/mspontocom.com.br\/site\/wp-content\/uploads\/2021\/05\/site-pf-pede-abertura-de-inquerito-contra-toffoli-por-venda-de-sentencas-toffoli-e1620814625173-768x573.jpg 768w\" sizes=\"(max-width: 836px) 100vw, 836px\" \/>A Pol\u00edcia Federal pediu ao Supremo Tribunal Federal (STF) a abertura de um inqu\u00e9rito para investigar o ministro Antonio Dias Toffoli, da pr\u00f3pria Corte.<\/p>\n<p style=\"text-align: justify;\">A investiga\u00e7\u00e3o tem como base a dela\u00e7\u00e3o do ex-governador do Rio de Janeiro Sergio Cabral, preso pela opera\u00e7\u00e3o Lava Jato e condenado a mais de 300 anos de cadeia, segundo mat\u00e9ria da Folha de S\u00e3o Paulo.<\/p>\n<p style=\"text-align: justify;\">\u00c9 a primeira vez que a Pol\u00edcia Federal apresenta no Supremo um pedido de investiga\u00e7\u00e3o de um ministro do pr\u00f3prio tribunal.<\/p>\n<p style=\"text-align: justify;\">Dias Toffoli \u00e9 acusado pelo ex-governador de ter recebido R$4 milh\u00f5es para favorecer dois ex-prefeitos do estado do Rio em processos no Tribunal Superior Eleitoral, onde foi ministro de 2012 a 2016.<\/p>\n<p style=\"text-align: justify;\">Os pagamentos teriam sido \u201coperacionalizados\u201d, segundo relata o jornal, pelo ex-secret\u00e1rio de Obras do Rio Hudson Braga atrav\u00e9s do escrit\u00f3rio da mulher de Toffoli, Roberta Rangel.<\/p>\n<p>&nbsp;<\/p>\n<p>foto: Blog do BG<\/p>\n<p>&nbsp;<\/p>\n<div class=\"teads-inread sm-screen\">\n<div class=\"teads-ui-components-label\"><\/div>\n<\/div>\n","protected":false},"excerpt":{"rendered":"<p>A Pol\u00edcia Federal pediu ao Supremo Tribunal Federal (STF) a abertura de um inqu\u00e9rito para investigar o ministro Antonio Dias Toffoli, da pr\u00f3pria Corte. A investiga\u00e7\u00e3o tem como base a dela\u00e7\u00e3o do ex-governador do Rio de Janeiro Sergio Cabral, preso pela opera\u00e7\u00e3o Lava Jato e condenado a mais de 300 anos de cadeia, segundo mat\u00e9ria [&hellip;]<\/p>\n","protected":false},"author":2,"featured_media":159519,"comment_status":"open","ping_status":"open","sticky":false,"template":"","format":"standard","meta":{"_monsterinsights_skip_tracking":false,"_monsterinsights_sitenote_active":false,"_monsterinsights_sitenote_note":"","_monsterinsights_sitenote_category":0},"categories":[30260,2528,30259],"tags":[],"aioseo_notices":[],"_links":{"self":[{"href":"https:\/\/mspontocom.com.br\/site\/wp-json\/wp\/v2\/posts\/159507"}],"collection":[{"href":"https:\/\/mspontocom.com.br\/site\/wp-json\/wp\/v2\/posts"}],"about":[{"href":"https:\/\/mspontocom.com.br\/site\/wp-json\/wp\/v2\/types\/post"}],"author":[{"embeddable":true,"href":"https:\/\/mspontocom.com.br\/site\/wp-json\/wp\/v2\/users\/2"}],"replies":[{"embeddable":true,"href":"https:\/\/mspontocom.com.br\/site\/wp-json\/wp\/v2\/comments?post=159507"}],"version-history":[{"count":3,"href":"https:\/\/mspontocom.com.br\/site\/wp-json\/wp\/v2\/posts\/159507\/revisions"}],"predecessor-version":[{"id":159523,"href":"https:\/\/mspontocom.com.br\/site\/wp-json\/wp\/v2\/posts\/159507\/revisions\/159523"}],"wp:featuredmedia":[{"embeddable":true,"href":"https:\/\/mspontocom.com.br\/site\/wp-json\/wp\/v2\/media\/159519"}],"wp:attachment":[{"href":"https:\/\/mspontocom.com.br\/site\/wp-json\/wp\/v2\/media?parent=159507"}],"wp:term":[{"taxonomy":"category","embeddable":true,"href":"https:\/\/mspontocom.com.br\/site\/wp-json\/wp\/v2\/categories?post=159507"},{"taxonomy":"post_tag","embeddable":true,"href":"https:\/\/mspontocom.com.br\/site\/wp-json\/wp\/v2\/tags?post=159507"}],"curies":[{"name":"wp","href":"https:\/\/api.w.org\/{rel}","templated":true}]}}