{"id":159631,"date":"2021-05-15T06:44:34","date_gmt":"2021-05-15T10:44:34","guid":{"rendered":"https:\/\/mspontocom.com.br\/site\/?p=159631"},"modified":"2021-05-15T06:44:34","modified_gmt":"2021-05-15T10:44:34","slug":"tudo-dominado-stf-rejeita-pedido-da-pf-de-investigar-toffoli","status":"publish","type":"post","link":"https:\/\/mspontocom.com.br\/site\/tudo-dominado-stf-rejeita-pedido-da-pf-de-investigar-toffoli\/","title":{"rendered":"Tudo Dominado:  STF rejeita pedido da PF de investigar Toffoli"},"content":{"rendered":"<p style=\"text-align: justify;\"><img loading=\"lazy\" class=\"alignnone size-full wp-image-159637\" src=\"https:\/\/mspontocom.com.br\/site\/wp-content\/uploads\/2021\/05\/site-fachin-rejeita-pedido-da-pf-de-investigar-toffoli-por-delacao-de-cabral-stf-ministros-e1621075377727.jpg\" alt=\"\" width=\"678\" height=\"303\" srcset=\"https:\/\/mspontocom.com.br\/site\/wp-content\/uploads\/2021\/05\/site-fachin-rejeita-pedido-da-pf-de-investigar-toffoli-por-delacao-de-cabral-stf-ministros-e1621075377727.jpg 678w, https:\/\/mspontocom.com.br\/site\/wp-content\/uploads\/2021\/05\/site-fachin-rejeita-pedido-da-pf-de-investigar-toffoli-por-delacao-de-cabral-stf-ministros-e1621075377727-260x116.jpg 260w\" sizes=\"(max-width: 678px) 100vw, 678px\" \/><\/p>\n<p style=\"text-align: justify;\">O ministro Edson Fachin, do STF rejeitou nesta sexta-feira pedido da Pol\u00edcia Federal para que a corte abrisse um inqu\u00e9rito contra o ministro Dias Toffoli ap\u00f3s ter sido acusado, em dela\u00e7\u00e3o premiada do ex-governador do Rio de Janeiro Sergio Cabral.<\/p>\n<p style=\"text-align: justify;\">A acusa\u00e7\u00e3o \u00e9 que Tofolli\u00a0 supostamente recebeu recursos ilegais em troca de senten\u00e7as, conforme reportagem da Folha de S.Paulo.<\/p>\n<p style=\"text-align: justify;\">Em decis\u00e3o lida pela Reuters, Fachin citou o parecer da Procuradoria-Geral da Rep\u00fablica que era contr\u00e1rio \u00e0 abertura da investiga\u00e7\u00e3o e tamb\u00e9m questionava a legitimidade de a PF ter firmado uma dela\u00e7\u00e3o com Cabral<\/p>\n<p style=\"text-align: justify;\">O ministro do STF ainda determinou que a PF se <strong>&#8220;abstenha de tomar qualquer provid\u00eancia ou promover qualquer dilig\u00eancia direta ou indiretamente inserida ou em conex\u00e3o ao \u00e2mbito da colabora\u00e7\u00e3o premiada em tela&#8221;<\/strong> at\u00e9 o julgamento no plen\u00e1rio virtual entre os dias 21 e 28 de maio sobre o acordo de colabora\u00e7\u00e3o do ex-governador fluminense.<\/p>\n<p style=\"text-align: justify;\">O caso que foi narrado pelo jornal diz respeito a supostos repasses relatados por Sergio Cabral que teriam sido feitos a Toffoli para favorecer prefeitos fluminenses em processos que tramitaram no Tribunal Superior Eleitoral (TSE).<\/p>\n<p style=\"text-align: justify;\">\n<p style=\"text-align: justify;\">* Com informa\u00e7\u00f5es da Reuters<\/p>\n","protected":false},"excerpt":{"rendered":"<p>O ministro Edson Fachin, do STF rejeitou nesta sexta-feira pedido da Pol\u00edcia Federal para que a corte abrisse um inqu\u00e9rito contra o ministro Dias Toffoli ap\u00f3s ter sido acusado, em dela\u00e7\u00e3o premiada do ex-governador do Rio de Janeiro Sergio Cabral. A acusa\u00e7\u00e3o \u00e9 que Tofolli\u00a0 supostamente recebeu recursos ilegais em troca de senten\u00e7as, conforme reportagem [&hellip;]<\/p>\n","protected":false},"author":2,"featured_media":159637,"comment_status":"open","ping_status":"open","sticky":false,"template":"","format":"standard","meta":{"_monsterinsights_skip_tracking":false,"_monsterinsights_sitenote_active":false,"_monsterinsights_sitenote_note":"","_monsterinsights_sitenote_category":0},"categories":[30260,2528,30259],"tags":[],"aioseo_notices":[],"_links":{"self":[{"href":"https:\/\/mspontocom.com.br\/site\/wp-json\/wp\/v2\/posts\/159631"}],"collection":[{"href":"https:\/\/mspontocom.com.br\/site\/wp-json\/wp\/v2\/posts"}],"about":[{"href":"https:\/\/mspontocom.com.br\/site\/wp-json\/wp\/v2\/types\/post"}],"author":[{"embeddable":true,"href":"https:\/\/mspontocom.com.br\/site\/wp-json\/wp\/v2\/users\/2"}],"replies":[{"embeddable":true,"href":"https:\/\/mspontocom.com.br\/site\/wp-json\/wp\/v2\/comments?post=159631"}],"version-history":[{"count":2,"href":"https:\/\/mspontocom.com.br\/site\/wp-json\/wp\/v2\/posts\/159631\/revisions"}],"predecessor-version":[{"id":159638,"href":"https:\/\/mspontocom.com.br\/site\/wp-json\/wp\/v2\/posts\/159631\/revisions\/159638"}],"wp:featuredmedia":[{"embeddable":true,"href":"https:\/\/mspontocom.com.br\/site\/wp-json\/wp\/v2\/media\/159637"}],"wp:attachment":[{"href":"https:\/\/mspontocom.com.br\/site\/wp-json\/wp\/v2\/media?parent=159631"}],"wp:term":[{"taxonomy":"category","embeddable":true,"href":"https:\/\/mspontocom.com.br\/site\/wp-json\/wp\/v2\/categories?post=159631"},{"taxonomy":"post_tag","embeddable":true,"href":"https:\/\/mspontocom.com.br\/site\/wp-json\/wp\/v2\/tags?post=159631"}],"curies":[{"name":"wp","href":"https:\/\/api.w.org\/{rel}","templated":true}]}}