{"id":159737,"date":"2021-05-18T07:53:18","date_gmt":"2021-05-18T11:53:18","guid":{"rendered":"https:\/\/mspontocom.com.br\/site\/?p=159737"},"modified":"2021-05-18T07:53:18","modified_gmt":"2021-05-18T11:53:18","slug":"vale-abre-1-000-vagas-em-7-estados-do-brasil-vagas-tambem-em-ms","status":"publish","type":"post","link":"https:\/\/mspontocom.com.br\/site\/vale-abre-1-000-vagas-em-7-estados-do-brasil-vagas-tambem-em-ms\/","title":{"rendered":"Vale abre 1.000 vagas em 7 Estados do Brasil. Vagas tamb\u00e9m em MS"},"content":{"rendered":"<p style=\"text-align: justify;\"><img loading=\"lazy\" class=\"alignnone size-full wp-image-159745\" src=\"https:\/\/mspontocom.com.br\/site\/wp-content\/uploads\/2021\/05\/site-vale-abre-1-000-vagas-em-7-estados-do-brasil-vale-abre-vagas-para-programa-de-estagio-inscricoes-vao-ate-o-proximo-dia-9-2.jpg\" alt=\"\" width=\"377\" height=\"277\" srcset=\"https:\/\/mspontocom.com.br\/site\/wp-content\/uploads\/2021\/05\/site-vale-abre-1-000-vagas-em-7-estados-do-brasil-vale-abre-vagas-para-programa-de-estagio-inscricoes-vao-ate-o-proximo-dia-9-2.jpg 377w, https:\/\/mspontocom.com.br\/site\/wp-content\/uploads\/2021\/05\/site-vale-abre-1-000-vagas-em-7-estados-do-brasil-vale-abre-vagas-para-programa-de-estagio-inscricoes-vao-ate-o-proximo-dia-9-2-260x191.jpg 260w\" sizes=\"(max-width: 377px) 100vw, 377px\" \/><\/p>\n<p style=\"text-align: justify;\">Est\u00e3o abertas as inscri\u00e7\u00f5es para o Programa Jovem Aprendiz 2021 da\u00a0<strong>Vale<\/strong>.<\/p>\n<p style=\"text-align: justify;\">Ao todo, ser\u00e3o cerca de 1.000 vagas\u00a0distribu\u00eddas entre os Estados de Minas Gerais, Par\u00e1, Bahia, Maranh\u00e3o, Esp\u00edrito Santo,<strong> Mato Grosso do Sul<\/strong> e Rio de Janeiro.<\/p>\n<p style=\"text-align: justify;\"><strong>Porta de entrada<\/strong><\/p>\n<p style=\"text-align: justify;\">De acordo com a empresa, o programa \u00e9 uma das principais portas de entrada para a Vale e tem o objetivo de ampliar as possibilidades de crescimento profissional e inser\u00e7\u00e3o qualificada de jovens no mercado de trabalho.<\/p>\n<p style=\"text-align: justify;\"><strong>Requisitos<\/strong><\/p>\n<p style=\"text-align: justify;\">Podem se candidatar \u00a0pessoas de 18 a 22 anos que tenham conclu\u00eddo o ensino m\u00e9dio. Os candidatos s\u00f3 poder\u00e3o se inscrever para vagas no estado onde residem, mesmo em locais em que o trabalho seja 100% remoto, e ter disponibilidade para trabalhar pelo per\u00edodo de 6h.<\/p>\n<p style=\"text-align: justify;\"><strong>Benef\u00edcios<\/strong><\/p>\n<p style=\"text-align: justify;\">Os selecionados ter\u00e3o direito a bolsa-aux\u00edlio, assist\u00eancia m\u00e9dica, seguro de vida, transporte e programa de assist\u00eancia ao empregado. Al\u00e9m disso, o programa oferece vale-alimenta\u00e7\u00e3o e refei\u00e7\u00e3o na fase pr\u00e1tica.<\/p>\n<p style=\"text-align: justify;\"><strong>Inscri\u00e7\u00f5es<\/strong><\/p>\n<p style=\"text-align: justify;\">Podem ser feitas pelo site\u00a0<a href=\"https:\/\/www.vale.com\/oportunidades\" target=\"_blank\" rel=\"noopener\">www.vale.com\/oportunidades<\/a>\u00a0at\u00e9 31 de maio.<\/p>\n<p style=\"text-align: justify;\">O Programa Jovem Aprendiz inclui tamb\u00e9m oportunidades para <strong>pessoas com defici\u00eancia<\/strong> e, para eles, n\u00e3o existe limite de idade.<\/p>\n<p style=\"text-align: justify;\">\n<p style=\"text-align: justify;\">fonte: Douglas Terenciano, JC<\/p>\n","protected":false},"excerpt":{"rendered":"<p>Est\u00e3o abertas as inscri\u00e7\u00f5es para o Programa Jovem Aprendiz 2021 da\u00a0Vale. Ao todo, ser\u00e3o cerca de 1.000 vagas\u00a0distribu\u00eddas entre os Estados de Minas Gerais, Par\u00e1, Bahia, Maranh\u00e3o, Esp\u00edrito Santo, Mato Grosso do Sul e Rio de Janeiro. Porta de entrada De acordo com a empresa, o programa \u00e9 uma das principais portas de entrada para [&hellip;]<\/p>\n","protected":false},"author":2,"featured_media":159745,"comment_status":"open","ping_status":"open","sticky":false,"template":"","format":"standard","meta":{"_monsterinsights_skip_tracking":false,"_monsterinsights_sitenote_active":false,"_monsterinsights_sitenote_note":"","_monsterinsights_sitenote_category":0},"categories":[28176],"tags":[],"aioseo_notices":[],"_links":{"self":[{"href":"https:\/\/mspontocom.com.br\/site\/wp-json\/wp\/v2\/posts\/159737"}],"collection":[{"href":"https:\/\/mspontocom.com.br\/site\/wp-json\/wp\/v2\/posts"}],"about":[{"href":"https:\/\/mspontocom.com.br\/site\/wp-json\/wp\/v2\/types\/post"}],"author":[{"embeddable":true,"href":"https:\/\/mspontocom.com.br\/site\/wp-json\/wp\/v2\/users\/2"}],"replies":[{"embeddable":true,"href":"https:\/\/mspontocom.com.br\/site\/wp-json\/wp\/v2\/comments?post=159737"}],"version-history":[{"count":2,"href":"https:\/\/mspontocom.com.br\/site\/wp-json\/wp\/v2\/posts\/159737\/revisions"}],"predecessor-version":[{"id":159746,"href":"https:\/\/mspontocom.com.br\/site\/wp-json\/wp\/v2\/posts\/159737\/revisions\/159746"}],"wp:featuredmedia":[{"embeddable":true,"href":"https:\/\/mspontocom.com.br\/site\/wp-json\/wp\/v2\/media\/159745"}],"wp:attachment":[{"href":"https:\/\/mspontocom.com.br\/site\/wp-json\/wp\/v2\/media?parent=159737"}],"wp:term":[{"taxonomy":"category","embeddable":true,"href":"https:\/\/mspontocom.com.br\/site\/wp-json\/wp\/v2\/categories?post=159737"},{"taxonomy":"post_tag","embeddable":true,"href":"https:\/\/mspontocom.com.br\/site\/wp-json\/wp\/v2\/tags?post=159737"}],"curies":[{"name":"wp","href":"https:\/\/api.w.org\/{rel}","templated":true}]}}