{"id":159800,"date":"2021-05-20T05:21:04","date_gmt":"2021-05-20T09:21:04","guid":{"rendered":"https:\/\/mspontocom.com.br\/site\/?p=159800"},"modified":"2021-05-20T05:55:09","modified_gmt":"2021-05-20T09:55:09","slug":"lula-diz-que-sera-candidato-se-estiver-na-melhor-posicao","status":"publish","type":"post","link":"https:\/\/mspontocom.com.br\/site\/lula-diz-que-sera-candidato-se-estiver-na-melhor-posicao\/","title":{"rendered":"Lula diz que ser\u00e1 candidato &#8220;se estiver na melhor posi\u00e7\u00e3o&#8221;"},"content":{"rendered":"<p style=\"text-align: justify;\"><img loading=\"lazy\" class=\"alignnone size-full wp-image-159811\" src=\"https:\/\/mspontocom.com.br\/site\/wp-content\/uploads\/2021\/05\/site-lula-diz-que-sera-candidato-se-estiver-na-melhor-posicao-lula-e1621504438999.jpg\" alt=\"\" width=\"671\" height=\"448\" srcset=\"https:\/\/mspontocom.com.br\/site\/wp-content\/uploads\/2021\/05\/site-lula-diz-que-sera-candidato-se-estiver-na-melhor-posicao-lula-e1621504438999.jpg 671w, https:\/\/mspontocom.com.br\/site\/wp-content\/uploads\/2021\/05\/site-lula-diz-que-sera-candidato-se-estiver-na-melhor-posicao-lula-e1621504438999-260x174.jpg 260w\" sizes=\"(max-width: 671px) 100vw, 671px\" \/><\/p>\n<p style=\"text-align: justify;\">O ex-presidente Luiz In\u00e1cio Lula da Silva disse que n\u00e3o hesitar\u00e1 em disputar as elei\u00e7\u00f5es presidenciais de 2022 se for o &#8220;se estiver na melhor posi\u00e7\u00e3o&#8221; e gozando de boa sa\u00fade, segundo um trecho divulgado nesta quarta-feira de sua entrevista \u00e0 revista francesa &#8220;Paris Match&#8221;.<\/p>\n<p style=\"text-align: justify;\">&#8220;Se estiver na melhor posi\u00e7\u00e3o para ganhar as elei\u00e7\u00f5es presidenciais e gozar de boa sa\u00fade, sim, n\u00e3o hesitarei. Acho que fui um bom presidente. Criei la\u00e7os fortes com Europa, Am\u00e9rica do Sul, \u00c1frica, Estados Unidos, China, R\u00fassia&#8230; Sob meu mandato, o Brasil tornou-se um importante ator no cen\u00e1rio mundial&#8221;, declarou Lula.<\/p>\n<p style=\"text-align: justify;\">O ex-presidente recuperou seus direitos pol\u00edticos h\u00e1 dois meses, quando o Supremo Tribunal Federal anulou quatro julgamentos contra ele em Curitiba.<\/p>\n<p style=\"text-align: justify;\">Como resultado, <strong>as senten\u00e7as acumuladas de 26 anos contra Lula por condena\u00e7\u00f5es por corrup\u00e7\u00e3o<\/strong> foram anuladas..<\/p>\n","protected":false},"excerpt":{"rendered":"<p>O ex-presidente Luiz In\u00e1cio Lula da Silva disse que n\u00e3o hesitar\u00e1 em disputar as elei\u00e7\u00f5es presidenciais de 2022 se for o &#8220;se estiver na melhor posi\u00e7\u00e3o&#8221; e gozando de boa sa\u00fade, segundo um trecho divulgado nesta quarta-feira de sua entrevista \u00e0 revista francesa &#8220;Paris Match&#8221;. &#8220;Se estiver na melhor posi\u00e7\u00e3o para ganhar as elei\u00e7\u00f5es presidenciais [&hellip;]<\/p>\n","protected":false},"author":2,"featured_media":159811,"comment_status":"open","ping_status":"open","sticky":false,"template":"","format":"standard","meta":{"_monsterinsights_skip_tracking":false,"_monsterinsights_sitenote_active":false,"_monsterinsights_sitenote_note":"","_monsterinsights_sitenote_category":0},"categories":[30260,30259,12],"tags":[],"aioseo_notices":[],"_links":{"self":[{"href":"https:\/\/mspontocom.com.br\/site\/wp-json\/wp\/v2\/posts\/159800"}],"collection":[{"href":"https:\/\/mspontocom.com.br\/site\/wp-json\/wp\/v2\/posts"}],"about":[{"href":"https:\/\/mspontocom.com.br\/site\/wp-json\/wp\/v2\/types\/post"}],"author":[{"embeddable":true,"href":"https:\/\/mspontocom.com.br\/site\/wp-json\/wp\/v2\/users\/2"}],"replies":[{"embeddable":true,"href":"https:\/\/mspontocom.com.br\/site\/wp-json\/wp\/v2\/comments?post=159800"}],"version-history":[{"count":2,"href":"https:\/\/mspontocom.com.br\/site\/wp-json\/wp\/v2\/posts\/159800\/revisions"}],"predecessor-version":[{"id":159812,"href":"https:\/\/mspontocom.com.br\/site\/wp-json\/wp\/v2\/posts\/159800\/revisions\/159812"}],"wp:featuredmedia":[{"embeddable":true,"href":"https:\/\/mspontocom.com.br\/site\/wp-json\/wp\/v2\/media\/159811"}],"wp:attachment":[{"href":"https:\/\/mspontocom.com.br\/site\/wp-json\/wp\/v2\/media?parent=159800"}],"wp:term":[{"taxonomy":"category","embeddable":true,"href":"https:\/\/mspontocom.com.br\/site\/wp-json\/wp\/v2\/categories?post=159800"},{"taxonomy":"post_tag","embeddable":true,"href":"https:\/\/mspontocom.com.br\/site\/wp-json\/wp\/v2\/tags?post=159800"}],"curies":[{"name":"wp","href":"https:\/\/api.w.org\/{rel}","templated":true}]}}