{"id":159802,"date":"2021-05-20T06:01:21","date_gmt":"2021-05-20T10:01:21","guid":{"rendered":"https:\/\/mspontocom.com.br\/site\/?p=159802"},"modified":"2021-05-20T06:01:21","modified_gmt":"2021-05-20T10:01:21","slug":"obama-diz-que-nao-pode-falar-tudo-que-sabe-sobre-ovnis","status":"publish","type":"post","link":"https:\/\/mspontocom.com.br\/site\/obama-diz-que-nao-pode-falar-tudo-que-sabe-sobre-ovnis\/","title":{"rendered":"Obama diz que n\u00e3o pode falar tudo que sabe sobre OVNIs"},"content":{"rendered":"<p style=\"text-align: justify;\"><img loading=\"lazy\" class=\"alignnone size-full wp-image-159813\" src=\"https:\/\/mspontocom.com.br\/site\/wp-content\/uploads\/2021\/05\/site-obama-diz-que-nao-pode-falar-tudo-que-sabe-sobre-ovnis-barack-e1621504792558.jpg\" alt=\"\" width=\"582\" height=\"398\" srcset=\"https:\/\/mspontocom.com.br\/site\/wp-content\/uploads\/2021\/05\/site-obama-diz-que-nao-pode-falar-tudo-que-sabe-sobre-ovnis-barack-e1621504792558.jpg 582w, https:\/\/mspontocom.com.br\/site\/wp-content\/uploads\/2021\/05\/site-obama-diz-que-nao-pode-falar-tudo-que-sabe-sobre-ovnis-barack-e1621504792558-260x178.jpg 260w\" sizes=\"(max-width: 582px) 100vw, 582px\" \/><\/p>\n<p style=\"text-align: justify;\">Em sua recente apari\u00e7\u00e3o no programa norte-americano Late Late Show, de James Corden, Barack Obama reconheceu que algumas imagens de aeronaves n\u00e3o identificadas s\u00e3o reais e respondeu mais algumas perguntas sobre alien\u00edgenas &#8211; apesar de afirmar que existiam coisas que n\u00e3o poderia falar.<\/p>\n<p style=\"text-align: justify;\">Reggie Watts, l\u00edder da banda que toca no programa, perguntou se o ex-presidente norte-americano tinha alguma teoria ou informa\u00e7\u00e3o sobre alien\u00edgenas.<\/p>\n<p style=\"text-align: justify;\"><strong>&#8220;Quando se trata de alien\u00edgenas, h\u00e1 algumas coisas que simplesmente n\u00e3o posso dizer no ar&#8221;<\/strong>, disse Obama.<\/p>\n<p style=\"text-align: justify;\">Obama confirmou que h\u00e1 filmagens e registros de objetos n\u00e3o identificados nos c\u00e9us, mas que &#8220;n\u00e3o sabemos exatamente o que s\u00e3o, n\u00e3o podemos explicar como se moviam, sua trajet\u00f3ria&#8221;.<\/p>\n<p style=\"text-align: justify;\">&#8220;N\u00e3o tinham um padr\u00e3o facilmente explic\u00e1vel. E ent\u00e3o, voc\u00ea sabe, acho que as pessoas ainda levam a s\u00e9rio tentar investigar e descobrir para saber o que \u00e9 isso. Mas n\u00e3o tenho nada a relatar a voc\u00eas hoje &#8220;, disse o ex-presidente norte-americano.<\/p>\n<p style=\"text-align: justify;\">V\u00eddeos dos acontecimentos foram divulgados em 2019 e o Departamento de Defesa dos EUA lan\u00e7ou uma for\u00e7a-tarefa especial para investig\u00e1-los em agosto de 2020.<\/p>\n<p style=\"text-align: justify;\">\u00c9 esperado que um relat\u00f3rio sobre os avistamentos seja entregue em junho.<\/p>\n<p style=\"text-align: justify;\">\n<p class=\"p-author\" style=\"text-align: justify;\">fonte: Nicole D&#8217;Almeida, Colabora\u00e7\u00e3o para Tilt<\/p>\n","protected":false},"excerpt":{"rendered":"<p>Em sua recente apari\u00e7\u00e3o no programa norte-americano Late Late Show, de James Corden, Barack Obama reconheceu que algumas imagens de aeronaves n\u00e3o identificadas s\u00e3o reais e respondeu mais algumas perguntas sobre alien\u00edgenas &#8211; apesar de afirmar que existiam coisas que n\u00e3o poderia falar. Reggie Watts, l\u00edder da banda que toca no programa, perguntou se o [&hellip;]<\/p>\n","protected":false},"author":2,"featured_media":159813,"comment_status":"open","ping_status":"open","sticky":false,"template":"","format":"standard","meta":{"_monsterinsights_skip_tracking":false,"_monsterinsights_sitenote_active":false,"_monsterinsights_sitenote_note":"","_monsterinsights_sitenote_category":0},"categories":[7752],"tags":[],"aioseo_notices":[],"_links":{"self":[{"href":"https:\/\/mspontocom.com.br\/site\/wp-json\/wp\/v2\/posts\/159802"}],"collection":[{"href":"https:\/\/mspontocom.com.br\/site\/wp-json\/wp\/v2\/posts"}],"about":[{"href":"https:\/\/mspontocom.com.br\/site\/wp-json\/wp\/v2\/types\/post"}],"author":[{"embeddable":true,"href":"https:\/\/mspontocom.com.br\/site\/wp-json\/wp\/v2\/users\/2"}],"replies":[{"embeddable":true,"href":"https:\/\/mspontocom.com.br\/site\/wp-json\/wp\/v2\/comments?post=159802"}],"version-history":[{"count":2,"href":"https:\/\/mspontocom.com.br\/site\/wp-json\/wp\/v2\/posts\/159802\/revisions"}],"predecessor-version":[{"id":159814,"href":"https:\/\/mspontocom.com.br\/site\/wp-json\/wp\/v2\/posts\/159802\/revisions\/159814"}],"wp:featuredmedia":[{"embeddable":true,"href":"https:\/\/mspontocom.com.br\/site\/wp-json\/wp\/v2\/media\/159813"}],"wp:attachment":[{"href":"https:\/\/mspontocom.com.br\/site\/wp-json\/wp\/v2\/media?parent=159802"}],"wp:term":[{"taxonomy":"category","embeddable":true,"href":"https:\/\/mspontocom.com.br\/site\/wp-json\/wp\/v2\/categories?post=159802"},{"taxonomy":"post_tag","embeddable":true,"href":"https:\/\/mspontocom.com.br\/site\/wp-json\/wp\/v2\/tags?post=159802"}],"curies":[{"name":"wp","href":"https:\/\/api.w.org\/{rel}","templated":true}]}}