{"id":159901,"date":"2021-05-22T07:40:07","date_gmt":"2021-05-22T11:40:07","guid":{"rendered":"https:\/\/mspontocom.com.br\/site\/?p=159901"},"modified":"2021-05-22T07:40:07","modified_gmt":"2021-05-22T11:40:07","slug":"mamae-falei-so-existe-uma-3a-via-viavel-gentili-amoedo-e-moro","status":"publish","type":"post","link":"https:\/\/mspontocom.com.br\/site\/mamae-falei-so-existe-uma-3a-via-viavel-gentili-amoedo-e-moro\/","title":{"rendered":"Mam\u00e3e Falei: &#8220;S\u00f3 existe uma 3\u00aa via vi\u00e1vel: Gentili, Amoedo e Moro&#8221;"},"content":{"rendered":"<p style=\"text-align: justify;\"><img loading=\"lazy\" class=\"alignnone size-full wp-image-159909\" src=\"https:\/\/mspontocom.com.br\/site\/wp-content\/uploads\/2021\/05\/site-mamae-falei-so-existe-uma-3a-via-viavel-gentili-amoedo-e-moro-mamae-e1621683520268.jpg\" alt=\"\" width=\"930\" height=\"600\" srcset=\"https:\/\/mspontocom.com.br\/site\/wp-content\/uploads\/2021\/05\/site-mamae-falei-so-existe-uma-3a-via-viavel-gentili-amoedo-e-moro-mamae-e1621683520268.jpg 930w, https:\/\/mspontocom.com.br\/site\/wp-content\/uploads\/2021\/05\/site-mamae-falei-so-existe-uma-3a-via-viavel-gentili-amoedo-e-moro-mamae-e1621683520268-260x168.jpg 260w, https:\/\/mspontocom.com.br\/site\/wp-content\/uploads\/2021\/05\/site-mamae-falei-so-existe-uma-3a-via-viavel-gentili-amoedo-e-moro-mamae-e1621683520268-768x495.jpg 768w\" sizes=\"(max-width: 930px) 100vw, 930px\" \/>O deputado estadual Arthur do Val (Patriota-SP) disse hoje que &#8220;s\u00f3 existe uma 3\u00aa via vi\u00e1vel&#8221; quando o assunto \u00e9 elei\u00e7\u00e3o presidencial no Brasil.<\/p>\n<p style=\"text-align: justify;\">Para ele, a op\u00e7\u00e3o envolve o apresentador e humorista Danilo Gentili, o empres\u00e1rio e fundador do partido Novo, Jo\u00e3o Amoedo, e o ex-juiz S\u00e9rgio Moro.<\/p>\n<p style=\"text-align: justify;\">Em uma publica\u00e7\u00e3o nas redes sociais, Do Val, que tamb\u00e9m \u00e9 conhecido pelo pseud\u00f4nimo de<strong> &#8220;Mam\u00e3e Falei&#8221;<\/strong> afirmou que os outros poss\u00edveis candidatos &#8220;nem trabalham com a hip\u00f3tese de juntar-se&#8221;. Por isso, na opini\u00e3o do dele, que se diz pr\u00e9-candidato a governador de S\u00e3o Paulo, n\u00e3o vale a pena falar sobre eles. Isso seria &#8220;tudo que Lula e Bolsonaro querem&#8221;.<\/p>\n<p style=\"text-align: justify;\">&#8220;Ele [Lula] \u00e9 corrupto, tentou cooptar o parlamento, flerta em regular a imprensa e virou aliado de ditaduras&#8221;, escreveu.<\/p>\n<p>&nbsp;<\/p>\n","protected":false},"excerpt":{"rendered":"<p>O deputado estadual Arthur do Val (Patriota-SP) disse hoje que &#8220;s\u00f3 existe uma 3\u00aa via vi\u00e1vel&#8221; quando o assunto \u00e9 elei\u00e7\u00e3o presidencial no Brasil. Para ele, a op\u00e7\u00e3o envolve o apresentador e humorista Danilo Gentili, o empres\u00e1rio e fundador do partido Novo, Jo\u00e3o Amoedo, e o ex-juiz S\u00e9rgio Moro. Em uma publica\u00e7\u00e3o nas redes sociais, [&hellip;]<\/p>\n","protected":false},"author":2,"featured_media":159909,"comment_status":"open","ping_status":"open","sticky":false,"template":"","format":"standard","meta":{"_monsterinsights_skip_tracking":false,"_monsterinsights_sitenote_active":false,"_monsterinsights_sitenote_note":"","_monsterinsights_sitenote_category":0},"categories":[30260,30259,12],"tags":[],"aioseo_notices":[],"_links":{"self":[{"href":"https:\/\/mspontocom.com.br\/site\/wp-json\/wp\/v2\/posts\/159901"}],"collection":[{"href":"https:\/\/mspontocom.com.br\/site\/wp-json\/wp\/v2\/posts"}],"about":[{"href":"https:\/\/mspontocom.com.br\/site\/wp-json\/wp\/v2\/types\/post"}],"author":[{"embeddable":true,"href":"https:\/\/mspontocom.com.br\/site\/wp-json\/wp\/v2\/users\/2"}],"replies":[{"embeddable":true,"href":"https:\/\/mspontocom.com.br\/site\/wp-json\/wp\/v2\/comments?post=159901"}],"version-history":[{"count":2,"href":"https:\/\/mspontocom.com.br\/site\/wp-json\/wp\/v2\/posts\/159901\/revisions"}],"predecessor-version":[{"id":159910,"href":"https:\/\/mspontocom.com.br\/site\/wp-json\/wp\/v2\/posts\/159901\/revisions\/159910"}],"wp:featuredmedia":[{"embeddable":true,"href":"https:\/\/mspontocom.com.br\/site\/wp-json\/wp\/v2\/media\/159909"}],"wp:attachment":[{"href":"https:\/\/mspontocom.com.br\/site\/wp-json\/wp\/v2\/media?parent=159901"}],"wp:term":[{"taxonomy":"category","embeddable":true,"href":"https:\/\/mspontocom.com.br\/site\/wp-json\/wp\/v2\/categories?post=159901"},{"taxonomy":"post_tag","embeddable":true,"href":"https:\/\/mspontocom.com.br\/site\/wp-json\/wp\/v2\/tags?post=159901"}],"curies":[{"name":"wp","href":"https:\/\/api.w.org\/{rel}","templated":true}]}}