{"id":159961,"date":"2021-05-24T08:43:33","date_gmt":"2021-05-24T12:43:33","guid":{"rendered":"https:\/\/mspontocom.com.br\/site\/?p=159961"},"modified":"2021-05-24T08:43:33","modified_gmt":"2021-05-24T12:43:33","slug":"carrefour-abre-semana-de-contratacoes-pcds-com-vagas-em-todo-o-brasil","status":"publish","type":"post","link":"https:\/\/mspontocom.com.br\/site\/carrefour-abre-semana-de-contratacoes-pcds-com-vagas-em-todo-o-brasil\/","title":{"rendered":"Carrefour abre semana de contrata\u00e7\u00f5es PCDs com vagas em todo o Brasil"},"content":{"rendered":"<p style=\"text-align: justify;\"><img loading=\"lazy\" class=\"alignnone size-full wp-image-159965\" src=\"https:\/\/mspontocom.com.br\/site\/wp-content\/uploads\/2021\/05\/site-carrefour-abre-semana-de-contratacoes-com-vagas-em-todo-o-brasil-campanha-de-inclusao-da-pessoa-com-deficiencia-1.jpg\" alt=\"\" width=\"300\" height=\"387\" srcset=\"https:\/\/mspontocom.com.br\/site\/wp-content\/uploads\/2021\/05\/site-carrefour-abre-semana-de-contratacoes-com-vagas-em-todo-o-brasil-campanha-de-inclusao-da-pessoa-com-deficiencia-1.jpg 300w, https:\/\/mspontocom.com.br\/site\/wp-content\/uploads\/2021\/05\/site-carrefour-abre-semana-de-contratacoes-com-vagas-em-todo-o-brasil-campanha-de-inclusao-da-pessoa-com-deficiencia-1-217x280.jpg 217w\" sizes=\"(max-width: 300px) 100vw, 300px\" \/><\/p>\n<p style=\"text-align: justify;\">O\u00a0<strong>Carrefour<\/strong>\u00a0realizar\u00e1 entre os dias 24 e 28 de maio uma a\u00e7\u00e3o voltada especificamente para a contrata\u00e7\u00e3o\u00a0de pessoas com defici\u00eancia em todo o Brasil.<\/p>\n<p style=\"text-align: justify;\">As contrata\u00e7\u00f5es s\u00e3o para diversos perfis e a carga hor\u00e1ria varia de acordo com a oportunidade.<\/p>\n<p style=\"text-align: justify;\">Para se candidatar, um dos pr\u00e9-requisitos \u00e9 que o profissional\u00a0com defici\u00eancia se identifique com o prop\u00f3sito do\u00a0<strong>Carrefour<\/strong>\u00a0de contribuir para um mundo melhor, aplicando este comportamento durante todas as suas rela\u00e7\u00f5es.<\/p>\n<p style=\"text-align: justify;\">As inscri\u00e7\u00f5es acontecem entre os dias 24 e 28 de maio pelo site:\u00a0<a href=\"https:\/\/bit.ly\/3fh4FeE\" target=\"_blank\" rel=\"noopener\">https:\/\/bit.ly\/3fh4FeE<\/a>\u00a0(link encurtado e seguro).<\/p>\n<p style=\"text-align: justify;\">De acordo com o\u00a0<strong>Carrefour<\/strong>, todas as etapas do processo seletivo acontecem de forma on-line.<\/p>\n","protected":false},"excerpt":{"rendered":"<p>O\u00a0Carrefour\u00a0realizar\u00e1 entre os dias 24 e 28 de maio uma a\u00e7\u00e3o voltada especificamente para a contrata\u00e7\u00e3o\u00a0de pessoas com defici\u00eancia em todo o Brasil. As contrata\u00e7\u00f5es s\u00e3o para diversos perfis e a carga hor\u00e1ria varia de acordo com a oportunidade. Para se candidatar, um dos pr\u00e9-requisitos \u00e9 que o profissional\u00a0com defici\u00eancia se identifique com o prop\u00f3sito [&hellip;]<\/p>\n","protected":false},"author":2,"featured_media":159965,"comment_status":"open","ping_status":"open","sticky":false,"template":"","format":"standard","meta":{"_monsterinsights_skip_tracking":false,"_monsterinsights_sitenote_active":false,"_monsterinsights_sitenote_note":"","_monsterinsights_sitenote_category":0},"categories":[28176],"tags":[],"aioseo_notices":[],"_links":{"self":[{"href":"https:\/\/mspontocom.com.br\/site\/wp-json\/wp\/v2\/posts\/159961"}],"collection":[{"href":"https:\/\/mspontocom.com.br\/site\/wp-json\/wp\/v2\/posts"}],"about":[{"href":"https:\/\/mspontocom.com.br\/site\/wp-json\/wp\/v2\/types\/post"}],"author":[{"embeddable":true,"href":"https:\/\/mspontocom.com.br\/site\/wp-json\/wp\/v2\/users\/2"}],"replies":[{"embeddable":true,"href":"https:\/\/mspontocom.com.br\/site\/wp-json\/wp\/v2\/comments?post=159961"}],"version-history":[{"count":2,"href":"https:\/\/mspontocom.com.br\/site\/wp-json\/wp\/v2\/posts\/159961\/revisions"}],"predecessor-version":[{"id":159966,"href":"https:\/\/mspontocom.com.br\/site\/wp-json\/wp\/v2\/posts\/159961\/revisions\/159966"}],"wp:featuredmedia":[{"embeddable":true,"href":"https:\/\/mspontocom.com.br\/site\/wp-json\/wp\/v2\/media\/159965"}],"wp:attachment":[{"href":"https:\/\/mspontocom.com.br\/site\/wp-json\/wp\/v2\/media?parent=159961"}],"wp:term":[{"taxonomy":"category","embeddable":true,"href":"https:\/\/mspontocom.com.br\/site\/wp-json\/wp\/v2\/categories?post=159961"},{"taxonomy":"post_tag","embeddable":true,"href":"https:\/\/mspontocom.com.br\/site\/wp-json\/wp\/v2\/tags?post=159961"}],"curies":[{"name":"wp","href":"https:\/\/api.w.org\/{rel}","templated":true}]}}