{"id":160027,"date":"2021-05-25T09:22:53","date_gmt":"2021-05-25T13:22:53","guid":{"rendered":"https:\/\/mspontocom.com.br\/site\/?p=160027"},"modified":"2021-05-25T07:57:27","modified_gmt":"2021-05-25T11:57:27","slug":"feira-virtual-de-estagios-e-empregos-vai-oferecer-mais-de-100-mil-oportunidades-presenciais-e-remotas","status":"publish","type":"post","link":"https:\/\/mspontocom.com.br\/site\/feira-virtual-de-estagios-e-empregos-vai-oferecer-mais-de-100-mil-oportunidades-presenciais-e-remotas\/","title":{"rendered":"Feira Virtual de Est\u00e1gios e Empregos vai oferecer mais de 100 mil oportunidades presenciais e remotas"},"content":{"rendered":"<p style=\"text-align: justify;\"><img loading=\"lazy\" class=\"alignnone size-full wp-image-160028\" src=\"https:\/\/mspontocom.com.br\/site\/wp-content\/uploads\/2021\/05\/site-estagio25-2.jpg\" alt=\"\" width=\"700\" height=\"500\" srcset=\"https:\/\/mspontocom.com.br\/site\/wp-content\/uploads\/2021\/05\/site-estagio25-2.jpg 700w, https:\/\/mspontocom.com.br\/site\/wp-content\/uploads\/2021\/05\/site-estagio25-2-260x186.jpg 260w\" sizes=\"(max-width: 700px) 100vw, 700px\" \/>Acontece de 25 a 27 de maio, a 5\u00aa edi\u00e7\u00e3o da Feira Virtual de Est\u00e1gios e Empregos da Est\u00e1cio. Neste ano, ser\u00e3o\u00a0ofertadas\u00a0mais de 100\u00a0mil vagas em grandes empresas de todo o Brasil, com oportunidades presenciais e remotas. Poder\u00e3o participar alunos, ex-alunos, estudantes de outras institui\u00e7\u00f5es e tamb\u00e9m profissionais que buscam\u00a0recoloca\u00e7\u00e3o.<\/p>\n<p style=\"text-align: justify;\">Durante o evento, ser\u00e1 poss\u00edvel\u00a0conhecer\u00a0as carreiras que est\u00e3o em evid\u00eancia,\u00a0ficar por dentro das\u00a0tend\u00eancias em processo seletivo\u00a0on-line\u00a0e conferir\u00a0empregos\u00a0em empresas\u00a0como\u00a0a\u00a0plataforma de oportunidades profissionais,\u00a0Infojobs, Ita\u00fa,\u00a0Amazon, McDonald\u2019s, Globo, Amil, Positivo, Ambev, Cia de Talentos, entre outras.<\/p>\n<p style=\"text-align: justify;\">Al\u00e9m da oportunidade de se candidatar a vagas de est\u00e1gios e empregos efetivos, a 5\u00aa Feira Virtual tamb\u00e9m vai oferecer aos estudantes a oportunidade de conversar com profissionais das \u00e1reas de RH das empresas participantes.<\/p>\n<p style=\"text-align: justify;\">Para acessar o conte\u00fado, os interessados devem fazer o\u00a0pr\u00e9-cadastro por meio do link:\u00a0<a href=\"https:\/\/nam10.safelinks.protection.outlook.com\/?url=https%3A%2F%2Facesse.estacio.br%2Ffeiravirtual&amp;data=04%7C01%7Cpereira.aline%40yduqs.com.br%7Cf3ca787b243e40a0bdf508d913d9f719%7C29e081cc983f4d52b1d0103595213bc6%7C1%7C0%7C637562649180609002%7CUnknown%7CTWFpbGZsb3d8eyJWIjoiMC4wLjAwMDAiLCJQIjoiV2luMzIiLCJBTiI6Ik1haWwiLCJXVCI6Mn0%3D%7C3000&amp;sdata=MooJoXIx%2FIGZYFq%2FMAXzOS4cvRXXQzmzdX7eRjbsnWA%3D&amp;reserved=0\" target=\"_blank\" rel=\"noopener\" data-saferedirecturl=\"https:\/\/www.google.com\/url?q=https:\/\/nam10.safelinks.protection.outlook.com\/?url%3Dhttps%253A%252F%252Facesse.estacio.br%252Ffeiravirtual%26data%3D04%257C01%257Cpereira.aline%2540yduqs.com.br%257Cf3ca787b243e40a0bdf508d913d9f719%257C29e081cc983f4d52b1d0103595213bc6%257C1%257C0%257C637562649180609002%257CUnknown%257CTWFpbGZsb3d8eyJWIjoiMC4wLjAwMDAiLCJQIjoiV2luMzIiLCJBTiI6Ik1haWwiLCJXVCI6Mn0%253D%257C3000%26sdata%3DMooJoXIx%252FIGZYFq%252FMAXzOS4cvRXXQzmzdX7eRjbsnWA%253D%26reserved%3D0&amp;source=gmail&amp;ust=1622023521277000&amp;usg=AFQjCNE_FD-kuJ3Vm5ONOsbqum1O7xo8ow\"><b>https:\/\/acesse.estacio.<wbr \/>br\/feiravirtual<\/b><\/a>.<\/p>\n<p style=\"font-weight: 400; text-align: justify;\"><strong><u>Confira a programa\u00e7\u00e3o das\u00a0Lives\u00a0Exclusivas:<\/u><\/strong><\/p>\n<p style=\"font-weight: 400; text-align: justify;\">\n<p style=\"font-weight: 400; text-align: justify;\"><strong><u>25<\/u><\/strong><strong><u>\/05\u00a0&#8211;\u00a0\u00a0ter\u00e7a-feira<\/u><\/strong><\/p>\n<p style=\"font-weight: 400; text-align: justify;\"><strong>\u00a0<\/strong><\/p>\n<p style=\"font-weight: 400; text-align: justify;\"><strong>11h\u00a0<\/strong>\u2013 A import\u00e2ncia do autoconhecimento para a carreira e processos seletivos, com\u00a0Tatiana Pina &#8211; consultora\u00a0<em>Head<\/em>\u00a0do Programa Jornada para o Futuro, da Cia de Talentos;<\/p>\n<p style=\"font-weight: 400; text-align: justify;\"><strong>13h\u00a0<\/strong>\u2013 Desenvolva sua atitude e se destaque profissionalmente, com\u00a0Luiza Maciel De Oliveira Ara\u00fajo Nery &#8211; especialista de Recrutamento e Sele\u00e7\u00e3o na Ambev;<\/p>\n<p style=\"font-weight: 400; text-align: justify;\"><strong>17h\u00a0<\/strong>\u2013 Voc\u00ea conhece o\u00a0Nube? Integrador que emprega jovens em todo\u00a0Brasilm\u00a0com\u00a0Bruno Brasiliense &#8211; coordenador de Eventos\u00a0da\u00a0Nube;<\/p>\n<p style=\"font-weight: 400; text-align: justify;\"><strong>19h\u00a0<\/strong>\u2013 Ita\u00fa: conhe\u00e7a suas 600 vagas e entenda porque capacita\u00e7\u00e3o \u00e9 a palavra-chave, com\u00a0Laura Silva &#8211; coordenadora de aprendizagem e desenvolvimento do Ita\u00fa<\/p>\n<p style=\"font-weight: 400; text-align: justify;\"><strong>\u00a0<\/strong><\/p>\n<p style=\"font-weight: 400; text-align: justify;\"><strong><u>26<\/u><\/strong><strong><u>\/05 \u2013\u00a0quarta-feira<\/u><\/strong><\/p>\n<p style=\"font-weight: 400; text-align: justify;\"><strong>\u00a0<\/strong><\/p>\n<p style=\"font-weight: 400; text-align: justify;\"><strong>11h\u00a0<\/strong>\u2013 Diferente somos todos,\u00a0com\u00a0Adriana Nascimento &#8211;\u00a0l\u00edder de Servi\u00e7os em\u00a0Blockchain\u00a0da IBM<\/p>\n<p style=\"font-weight: 400; text-align: justify;\"><strong>13h<\/strong>\u00a0\u2013 Vieses inconscientes, com\u00a0Alexandre Braga &#8211;\u00a0<em>talent\u00a0Acquisition<\/em>\u00a0da Vale;<\/p>\n<p style=\"font-weight: 400; text-align: justify;\"><strong>17h\u00a0<\/strong>\u2013\u00a0Jobecam:\u00a0<em>Start\u00a0up<\/em>\u00a0ensina como se destacar em processos seletivos online, com\u00a0Cammila\u00a0Yochabell\u00a0&#8211;\u00a0intraempreendedora no RH de importantes multinacionais<\/p>\n<p style=\"font-weight: 400; text-align: justify;\"><strong>19h\u00a0<\/strong>\u2013 Contrata\u00e7\u00e3o 50+: oportunidades e desafios, com\u00a0Fabi\u00a0Granzotti\u00a0&#8211;\u00a0gestora de projetos D&amp;I e Especialista em Diversidade Et\u00e1ria da Maturi<\/p>\n<p style=\"font-weight: 400; text-align: justify;\"><strong>\u00a0<\/strong><\/p>\n<p style=\"font-weight: 400; text-align: justify;\"><strong><u>27<\/u><\/strong><strong><u>\/05\u00a0\u2013\u00a0quinta-feira<\/u><\/strong><\/p>\n<p style=\"font-weight: 400; text-align: justify;\"><strong>\u00a0<\/strong><\/p>\n<p style=\"font-weight: 400; text-align: justify;\"><strong>11h\u00a0<\/strong>\u2013 LinkedIn te ajuda no match perfeito:\u00a0 Vaga e Perfil, com\u00a0Vitor\u00a0Fuzato\u00a0&#8211;\u00a0c<em>ustomer\u00a0Success\u00a0Manager\u00a0Talent\u00a0Solutions\u00a0Latin<\/em>\u00a0America\u00a0do LinkedIn;<\/p>\n<p style=\"font-weight: 400; text-align: justify;\"><strong>13h\u00a0<\/strong>\u2013\u00a0<em>Networking<\/em>\u00a0\u00e9 importante e \u00e9 para todo mundo, com\u00a0Ana Carolina &#8211;\u00a0business\u00a0Analyst\u00a0da pr\u00e1tica de Digital no McKinsey;<\/p>\n<p style=\"font-weight: 400; text-align: justify;\"><strong>17h\u00a0<\/strong>\u2013 Encontre sua Vaga: Conhe\u00e7a o portal exclusivo da sua institui\u00e7\u00e3o, com\u00a0Jhonatan\u00a0Modesto\u00a0da \u00e1rea de Carreiras Est\u00e1cio e\u00a0Marcelo Carvalho,\u00a0professor e coordenador de cursos de P\u00f3s e\u00a0Gradua\u00e7\u00e3o na Est\u00e1cio;<\/p>\n<p style=\"font-weight: 400; text-align: justify;\"><strong>19h\u00a0<\/strong>\u2013 Games e Processos seletivo: tend\u00eancias e dicas de como de sair bem, com\u00a0Isabela Moura &#8211;\u00a0coordenadora de Recursos Humanos na B2W (Empresa B2W).<\/p>\n","protected":false},"excerpt":{"rendered":"<p>Acontece de 25 a 27 de maio, a 5\u00aa edi\u00e7\u00e3o da Feira Virtual de Est\u00e1gios e Empregos da Est\u00e1cio. Neste ano, ser\u00e3o\u00a0ofertadas\u00a0mais de 100\u00a0mil vagas em grandes empresas de todo o Brasil, com oportunidades presenciais e remotas. Poder\u00e3o participar alunos, ex-alunos, estudantes de outras institui\u00e7\u00f5es e tamb\u00e9m profissionais que buscam\u00a0recoloca\u00e7\u00e3o. Durante o evento, ser\u00e1 poss\u00edvel\u00a0conhecer\u00a0as [&hellip;]<\/p>\n","protected":false},"author":2,"featured_media":160028,"comment_status":"open","ping_status":"open","sticky":false,"template":"","format":"standard","meta":{"_monsterinsights_skip_tracking":false,"_monsterinsights_sitenote_active":false,"_monsterinsights_sitenote_note":"","_monsterinsights_sitenote_category":0},"categories":[28176],"tags":[],"aioseo_notices":[],"_links":{"self":[{"href":"https:\/\/mspontocom.com.br\/site\/wp-json\/wp\/v2\/posts\/160027"}],"collection":[{"href":"https:\/\/mspontocom.com.br\/site\/wp-json\/wp\/v2\/posts"}],"about":[{"href":"https:\/\/mspontocom.com.br\/site\/wp-json\/wp\/v2\/types\/post"}],"author":[{"embeddable":true,"href":"https:\/\/mspontocom.com.br\/site\/wp-json\/wp\/v2\/users\/2"}],"replies":[{"embeddable":true,"href":"https:\/\/mspontocom.com.br\/site\/wp-json\/wp\/v2\/comments?post=160027"}],"version-history":[{"count":1,"href":"https:\/\/mspontocom.com.br\/site\/wp-json\/wp\/v2\/posts\/160027\/revisions"}],"predecessor-version":[{"id":160029,"href":"https:\/\/mspontocom.com.br\/site\/wp-json\/wp\/v2\/posts\/160027\/revisions\/160029"}],"wp:featuredmedia":[{"embeddable":true,"href":"https:\/\/mspontocom.com.br\/site\/wp-json\/wp\/v2\/media\/160028"}],"wp:attachment":[{"href":"https:\/\/mspontocom.com.br\/site\/wp-json\/wp\/v2\/media?parent=160027"}],"wp:term":[{"taxonomy":"category","embeddable":true,"href":"https:\/\/mspontocom.com.br\/site\/wp-json\/wp\/v2\/categories?post=160027"},{"taxonomy":"post_tag","embeddable":true,"href":"https:\/\/mspontocom.com.br\/site\/wp-json\/wp\/v2\/tags?post=160027"}],"curies":[{"name":"wp","href":"https:\/\/api.w.org\/{rel}","templated":true}]}}