{"id":160048,"date":"2021-05-26T06:17:05","date_gmt":"2021-05-26T10:17:05","guid":{"rendered":"https:\/\/mspontocom.com.br\/site\/?p=160048"},"modified":"2021-05-26T06:17:05","modified_gmt":"2021-05-26T10:17:05","slug":"alckmin-ignora-pedido-de-haddad-para-compromisso-no-2o-turno-de-2022","status":"publish","type":"post","link":"https:\/\/mspontocom.com.br\/site\/alckmin-ignora-pedido-de-haddad-para-compromisso-no-2o-turno-de-2022\/","title":{"rendered":"Alckmin ignora pedido de Haddad para \u201ccompromisso\u201d no 2\u00ba turno de 2022"},"content":{"rendered":"<p style=\"text-align: justify;\"><img loading=\"lazy\" class=\"alignnone size-full wp-image-160053\" src=\"https:\/\/mspontocom.com.br\/site\/wp-content\/uploads\/2021\/05\/site-alckmin-ignora-pedido-de-haddad-para-compromisso-no-2o-turno-de-2022-alck-e1622024117989.jpg\" alt=\"\" width=\"786\" height=\"546\" srcset=\"https:\/\/mspontocom.com.br\/site\/wp-content\/uploads\/2021\/05\/site-alckmin-ignora-pedido-de-haddad-para-compromisso-no-2o-turno-de-2022-alck-e1622024117989.jpg 786w, https:\/\/mspontocom.com.br\/site\/wp-content\/uploads\/2021\/05\/site-alckmin-ignora-pedido-de-haddad-para-compromisso-no-2o-turno-de-2022-alck-e1622024117989-260x181.jpg 260w, https:\/\/mspontocom.com.br\/site\/wp-content\/uploads\/2021\/05\/site-alckmin-ignora-pedido-de-haddad-para-compromisso-no-2o-turno-de-2022-alck-e1622024117989-768x533.jpg 768w\" sizes=\"(max-width: 786px) 100vw, 786px\" \/>O ex-governador de S\u00e3o Paulo Geraldo Alckmin (PSDB-SP) e o ex-prefeito da capital paulista Fernando Haddad\u00a0(PT-SP) participaram de um debate virtual, promovido pelo movimento Pol\u00edtica Viva e pela Escola Comum, que capacita lideran\u00e7as em periferias, na noite dessa 3\u00aa feira (25.mai.2021).<\/p>\n<p style=\"text-align: justify;\">Segundo o jornal Folha de S. Paulo, Haddad pediu compromisso de Alckmin para que n\u00e3o se repita a situa\u00e7\u00e3o das elei\u00e7\u00f5es presidenciais de 2018, quando o petista foi ao 2\u00ba turno sem o apoio de antigos advers\u00e1rios.<\/p>\n<p style=\"text-align: justify;\"><strong><em>\u201cPenso que devemos fazer um compromisso de 2\u00ba turno tamb\u00e9m. O compromisso de 1\u00ba\u00a0<\/em>[turno]\u00a0<em>\u00e9 nos apresentar de forma civilizada e transparente. O compromisso de 2\u00ba \u00e9 com a democracia, com as institui\u00e7\u00f5es, com o respeito, com a dignidade humana\u201d<\/em><\/strong>, afirmou Haddad.<\/p>\n<p style=\"text-align: justify;\">Alckmin, no entanto, ignorou o aceno, disse que n\u00e3o h\u00e1 como falar em 2\u00ba turno e que atuar\u00e1 por uma alternativa em 2022:<\/p>\n<p style=\"text-align: justify;\"><em>\u201cO PSDB ter\u00e1 candidato pr\u00f3prio. N\u00f3s trabalharemos pela 3\u00aa via. Temos diverg\u00eancias tanto em rela\u00e7\u00e3o ao\u00a0<\/em>[presidente Jair]<em>\u00a0Bolsonaro quanto ao PT. Vamos acreditar e estar l\u00e1 no 2\u00ba turno com a 3\u00aa via\u201d<\/em>.<\/p>\n","protected":false},"excerpt":{"rendered":"<p>O ex-governador de S\u00e3o Paulo Geraldo Alckmin (PSDB-SP) e o ex-prefeito da capital paulista Fernando Haddad\u00a0(PT-SP) participaram de um debate virtual, promovido pelo movimento Pol\u00edtica Viva e pela Escola Comum, que capacita lideran\u00e7as em periferias, na noite dessa 3\u00aa feira (25.mai.2021). Segundo o jornal Folha de S. Paulo, Haddad pediu compromisso de Alckmin para que [&hellip;]<\/p>\n","protected":false},"author":2,"featured_media":160053,"comment_status":"open","ping_status":"open","sticky":false,"template":"","format":"standard","meta":{"_monsterinsights_skip_tracking":false,"_monsterinsights_sitenote_active":false,"_monsterinsights_sitenote_note":"","_monsterinsights_sitenote_category":0},"categories":[30260,30259,12],"tags":[],"aioseo_notices":[],"_links":{"self":[{"href":"https:\/\/mspontocom.com.br\/site\/wp-json\/wp\/v2\/posts\/160048"}],"collection":[{"href":"https:\/\/mspontocom.com.br\/site\/wp-json\/wp\/v2\/posts"}],"about":[{"href":"https:\/\/mspontocom.com.br\/site\/wp-json\/wp\/v2\/types\/post"}],"author":[{"embeddable":true,"href":"https:\/\/mspontocom.com.br\/site\/wp-json\/wp\/v2\/users\/2"}],"replies":[{"embeddable":true,"href":"https:\/\/mspontocom.com.br\/site\/wp-json\/wp\/v2\/comments?post=160048"}],"version-history":[{"count":2,"href":"https:\/\/mspontocom.com.br\/site\/wp-json\/wp\/v2\/posts\/160048\/revisions"}],"predecessor-version":[{"id":160054,"href":"https:\/\/mspontocom.com.br\/site\/wp-json\/wp\/v2\/posts\/160048\/revisions\/160054"}],"wp:featuredmedia":[{"embeddable":true,"href":"https:\/\/mspontocom.com.br\/site\/wp-json\/wp\/v2\/media\/160053"}],"wp:attachment":[{"href":"https:\/\/mspontocom.com.br\/site\/wp-json\/wp\/v2\/media?parent=160048"}],"wp:term":[{"taxonomy":"category","embeddable":true,"href":"https:\/\/mspontocom.com.br\/site\/wp-json\/wp\/v2\/categories?post=160048"},{"taxonomy":"post_tag","embeddable":true,"href":"https:\/\/mspontocom.com.br\/site\/wp-json\/wp\/v2\/tags?post=160048"}],"curies":[{"name":"wp","href":"https:\/\/api.w.org\/{rel}","templated":true}]}}