{"id":160175,"date":"2021-05-28T09:58:39","date_gmt":"2021-05-28T13:58:39","guid":{"rendered":"https:\/\/mspontocom.com.br\/site\/?p=160175"},"modified":"2021-05-28T09:30:14","modified_gmt":"2021-05-28T13:30:14","slug":"ambev-vai-contratar-mulheres-e-pessoas-negras-para-programa-de-formacao-em-t-i","status":"publish","type":"post","link":"https:\/\/mspontocom.com.br\/site\/ambev-vai-contratar-mulheres-e-pessoas-negras-para-programa-de-formacao-em-t-i\/","title":{"rendered":"Ambev vai contratar mulheres e pessoas negras  para programa de forma\u00e7\u00e3o em T.I."},"content":{"rendered":"<p style=\"text-align: justify;\"><img loading=\"lazy\" class=\"alignnone size-full wp-image-160176\" src=\"https:\/\/mspontocom.com.br\/site\/wp-content\/uploads\/2021\/05\/site-ambev-vai-contratar-mulheres-e-pessoas-negras-para-programa-de-formacao-em-t-i-ambev-e1622208514301.jpg\" alt=\"\" width=\"789\" height=\"420\" srcset=\"https:\/\/mspontocom.com.br\/site\/wp-content\/uploads\/2021\/05\/site-ambev-vai-contratar-mulheres-e-pessoas-negras-para-programa-de-formacao-em-t-i-ambev-e1622208514301.jpg 789w, https:\/\/mspontocom.com.br\/site\/wp-content\/uploads\/2021\/05\/site-ambev-vai-contratar-mulheres-e-pessoas-negras-para-programa-de-formacao-em-t-i-ambev-e1622208514301-260x138.jpg 260w, https:\/\/mspontocom.com.br\/site\/wp-content\/uploads\/2021\/05\/site-ambev-vai-contratar-mulheres-e-pessoas-negras-para-programa-de-formacao-em-t-i-ambev-e1622208514301-768x409.jpg 768w\" sizes=\"(max-width: 789px) 100vw, 789px\" \/>A Ambev Tech, hub de inova\u00e7\u00e3o e tecnologia criado para promover a transforma\u00e7\u00e3o digital e cultural da Ambev, realizar\u00e1, entre maio e junho, a <strong>quarta edi\u00e7\u00e3o do Start Tech,<\/strong> programa de forma\u00e7\u00e3o voltado para o p\u00fablico que deseja ingressar ou alavancar sua trajet\u00f3ria no ramo da tecnologia.<\/p>\n<p style=\"text-align: justify;\">Este ano, o Start Tech ser\u00e1 voltado para mulheres (cis e trans) e pessoas negras.<\/p>\n<p style=\"text-align: justify;\">Ao todo, ser\u00e3o 40 vagas para as posi\u00e7\u00f5es de React (linguagem de programa\u00e7\u00e3o) e QA (testes de software).<\/p>\n<p style=\"text-align: justify;\">Pessoas acima de 18 anos e dentro do p\u00fablico-alvo desta edi\u00e7\u00e3o (mulheres e pessoas negras) pode participar do programa.<\/p>\n<p style=\"text-align: justify;\">N\u00e3o \u00e9 necess\u00e1rio ter n\u00edvel superior, conhecimento pr\u00e9vio na \u00e1rea, ter feito cursos ou saber falar ingl\u00eas.<\/p>\n<p style=\"text-align: justify;\">As inscri\u00e7\u00f5es poder\u00e3o ser feitas at\u00e9 16 de junho, clicando\u00a0<a href=\"https:\/\/ambevtech.com.br\/start-tech\/\" target=\"_blank\" rel=\"noopener noreferrer\" data-saferedirecturl=\"https:\/\/www.google.com\/url?q=https:\/\/ambevtech.com.br\/start-tech\/&amp;source=gmail&amp;ust=1622288852270000&amp;usg=AFQjCNH5E2RS4CALhSpdXJHDqp1o0DWLFQ\">aqui<\/a>.\u00a0(<a href=\"https:\/\/ambevtech.com.br\/start-tech\/\" target=\"_blank\" rel=\"noopener noreferrer\" data-saferedirecturl=\"https:\/\/www.google.com\/url?q=https:\/\/ambevtech.com.br\/start-tech\/&amp;source=gmail&amp;ust=1622288852270000&amp;usg=AFQjCNH5E2RS4CALhSpdXJHDqp1o0DWLFQ\">https:\/\/<wbr \/>ambevtech.com.br\/start-tech\/<\/a>).<\/p>\n","protected":false},"excerpt":{"rendered":"<p>A Ambev Tech, hub de inova\u00e7\u00e3o e tecnologia criado para promover a transforma\u00e7\u00e3o digital e cultural da Ambev, realizar\u00e1, entre maio e junho, a quarta edi\u00e7\u00e3o do Start Tech, programa de forma\u00e7\u00e3o voltado para o p\u00fablico que deseja ingressar ou alavancar sua trajet\u00f3ria no ramo da tecnologia. Este ano, o Start Tech ser\u00e1 voltado para [&hellip;]<\/p>\n","protected":false},"author":2,"featured_media":160176,"comment_status":"open","ping_status":"open","sticky":false,"template":"","format":"standard","meta":{"_monsterinsights_skip_tracking":false,"_monsterinsights_sitenote_active":false,"_monsterinsights_sitenote_note":"","_monsterinsights_sitenote_category":0},"categories":[28176],"tags":[],"aioseo_notices":[],"_links":{"self":[{"href":"https:\/\/mspontocom.com.br\/site\/wp-json\/wp\/v2\/posts\/160175"}],"collection":[{"href":"https:\/\/mspontocom.com.br\/site\/wp-json\/wp\/v2\/posts"}],"about":[{"href":"https:\/\/mspontocom.com.br\/site\/wp-json\/wp\/v2\/types\/post"}],"author":[{"embeddable":true,"href":"https:\/\/mspontocom.com.br\/site\/wp-json\/wp\/v2\/users\/2"}],"replies":[{"embeddable":true,"href":"https:\/\/mspontocom.com.br\/site\/wp-json\/wp\/v2\/comments?post=160175"}],"version-history":[{"count":1,"href":"https:\/\/mspontocom.com.br\/site\/wp-json\/wp\/v2\/posts\/160175\/revisions"}],"predecessor-version":[{"id":160177,"href":"https:\/\/mspontocom.com.br\/site\/wp-json\/wp\/v2\/posts\/160175\/revisions\/160177"}],"wp:featuredmedia":[{"embeddable":true,"href":"https:\/\/mspontocom.com.br\/site\/wp-json\/wp\/v2\/media\/160176"}],"wp:attachment":[{"href":"https:\/\/mspontocom.com.br\/site\/wp-json\/wp\/v2\/media?parent=160175"}],"wp:term":[{"taxonomy":"category","embeddable":true,"href":"https:\/\/mspontocom.com.br\/site\/wp-json\/wp\/v2\/categories?post=160175"},{"taxonomy":"post_tag","embeddable":true,"href":"https:\/\/mspontocom.com.br\/site\/wp-json\/wp\/v2\/tags?post=160175"}],"curies":[{"name":"wp","href":"https:\/\/api.w.org\/{rel}","templated":true}]}}