{"id":160196,"date":"2021-05-29T06:23:35","date_gmt":"2021-05-29T10:23:35","guid":{"rendered":"https:\/\/mspontocom.com.br\/site\/?p=160196"},"modified":"2021-05-29T06:23:35","modified_gmt":"2021-05-29T10:23:35","slug":"de-mala-pronta-para-o-psd-maia-e-cogitado-para-ser-vice-de-lula","status":"publish","type":"post","link":"https:\/\/mspontocom.com.br\/site\/de-mala-pronta-para-o-psd-maia-e-cogitado-para-ser-vice-de-lula\/","title":{"rendered":"De mala pronta para o PSD, Maia \u00e9 cogitado para ser vice de Lula"},"content":{"rendered":"<p style=\"text-align: justify;\"><img loading=\"lazy\" class=\"alignnone size-full wp-image-160197\" src=\"https:\/\/mspontocom.com.br\/site\/wp-content\/uploads\/2021\/05\/site-de-mala-pronta-para-o-psd-maia-e-cogitado-para-ser-vice-de-lula-maia-e1622283745434.jpg\" alt=\"\" width=\"921\" height=\"470\" srcset=\"https:\/\/mspontocom.com.br\/site\/wp-content\/uploads\/2021\/05\/site-de-mala-pronta-para-o-psd-maia-e-cogitado-para-ser-vice-de-lula-maia-e1622283745434.jpg 921w, https:\/\/mspontocom.com.br\/site\/wp-content\/uploads\/2021\/05\/site-de-mala-pronta-para-o-psd-maia-e-cogitado-para-ser-vice-de-lula-maia-e1622283745434-260x133.jpg 260w, https:\/\/mspontocom.com.br\/site\/wp-content\/uploads\/2021\/05\/site-de-mala-pronta-para-o-psd-maia-e-cogitado-para-ser-vice-de-lula-maia-e1622283745434-768x392.jpg 768w\" sizes=\"(max-width: 921px) 100vw, 921px\" \/>O ex-presidente da C\u00e2mara <strong>Rodrigo Maia<\/strong>\u00a0(DEM-RJ) espera apenas a oficializa\u00e7\u00e3o de sua sa\u00edda do DEM para se filiar ao PSD.<\/p>\n<p style=\"text-align: justify;\">Nos \u00faltimos meses, o ex-presidente da C\u00e2mara fez elogios a<strong> Lula<\/strong>, chamado por ele de estadista e democrata.<\/p>\n<p style=\"text-align: justify;\">O presidente do DEM, ACM Neto, com quem Maia rompeu durante a elei\u00e7\u00e3o na C\u00e2mara, quer a expuls\u00e3o dele.<\/p>\n<p style=\"text-align: justify;\"><strong>O nome de Maia \u00e9 lembrado como um poss\u00edvel de vice de Lula. <\/strong><\/p>\n<p style=\"text-align: justify;\">Os dois se encontraram no in\u00edcio do m\u00eas. Kassab tamb\u00e9m tem defendido publicamente a indica\u00e7\u00e3o do atual presidente do Senado, Rodrigo Pacheco (DEM-MG), como um poss\u00edvel presidenci\u00e1vel.<\/p>\n<p style=\"text-align: justify;\">Pacheco deve trocar o DEM pelo PSD e tamb\u00e9m \u00e9 lembrado como um poss\u00edvel vice do petista em 2022.<\/p>\n<p>&nbsp;<\/p>\n<p>fonte: Congresso em Foco<\/p>\n","protected":false},"excerpt":{"rendered":"<p>O ex-presidente da C\u00e2mara Rodrigo Maia\u00a0(DEM-RJ) espera apenas a oficializa\u00e7\u00e3o de sua sa\u00edda do DEM para se filiar ao PSD. Nos \u00faltimos meses, o ex-presidente da C\u00e2mara fez elogios a Lula, chamado por ele de estadista e democrata. O presidente do DEM, ACM Neto, com quem Maia rompeu durante a elei\u00e7\u00e3o na C\u00e2mara, quer a [&hellip;]<\/p>\n","protected":false},"author":2,"featured_media":160197,"comment_status":"open","ping_status":"open","sticky":false,"template":"","format":"standard","meta":{"_monsterinsights_skip_tracking":false,"_monsterinsights_sitenote_active":false,"_monsterinsights_sitenote_note":"","_monsterinsights_sitenote_category":0},"categories":[30260,30259,12],"tags":[],"aioseo_notices":[],"_links":{"self":[{"href":"https:\/\/mspontocom.com.br\/site\/wp-json\/wp\/v2\/posts\/160196"}],"collection":[{"href":"https:\/\/mspontocom.com.br\/site\/wp-json\/wp\/v2\/posts"}],"about":[{"href":"https:\/\/mspontocom.com.br\/site\/wp-json\/wp\/v2\/types\/post"}],"author":[{"embeddable":true,"href":"https:\/\/mspontocom.com.br\/site\/wp-json\/wp\/v2\/users\/2"}],"replies":[{"embeddable":true,"href":"https:\/\/mspontocom.com.br\/site\/wp-json\/wp\/v2\/comments?post=160196"}],"version-history":[{"count":1,"href":"https:\/\/mspontocom.com.br\/site\/wp-json\/wp\/v2\/posts\/160196\/revisions"}],"predecessor-version":[{"id":160198,"href":"https:\/\/mspontocom.com.br\/site\/wp-json\/wp\/v2\/posts\/160196\/revisions\/160198"}],"wp:featuredmedia":[{"embeddable":true,"href":"https:\/\/mspontocom.com.br\/site\/wp-json\/wp\/v2\/media\/160197"}],"wp:attachment":[{"href":"https:\/\/mspontocom.com.br\/site\/wp-json\/wp\/v2\/media?parent=160196"}],"wp:term":[{"taxonomy":"category","embeddable":true,"href":"https:\/\/mspontocom.com.br\/site\/wp-json\/wp\/v2\/categories?post=160196"},{"taxonomy":"post_tag","embeddable":true,"href":"https:\/\/mspontocom.com.br\/site\/wp-json\/wp\/v2\/tags?post=160196"}],"curies":[{"name":"wp","href":"https:\/\/api.w.org\/{rel}","templated":true}]}}