{"id":160224,"date":"2021-05-31T05:00:43","date_gmt":"2021-05-31T09:00:43","guid":{"rendered":"https:\/\/mspontocom.com.br\/site\/?p=160224"},"modified":"2021-05-31T05:00:43","modified_gmt":"2021-05-31T09:00:43","slug":"pt-apoia-impeachment-de-bolsonaro-e-articula-campanha-de-2022-diz-gleisi","status":"publish","type":"post","link":"https:\/\/mspontocom.com.br\/site\/pt-apoia-impeachment-de-bolsonaro-e-articula-campanha-de-2022-diz-gleisi\/","title":{"rendered":"PT apoia impeachment de Bolsonaro e articula campanha de 2022, diz Gleisi"},"content":{"rendered":"<p style=\"text-align: justify;\"><img loading=\"lazy\" class=\"alignnone size-full wp-image-160225\" src=\"https:\/\/mspontocom.com.br\/site\/wp-content\/uploads\/2021\/05\/site-pt-apoia-impeachment-de-bolsonaro-e-articula-campanha-de-2022-diz-gleisi-gleise-e1622451561551.jpg\" alt=\"\" width=\"884\" height=\"472\" srcset=\"https:\/\/mspontocom.com.br\/site\/wp-content\/uploads\/2021\/05\/site-pt-apoia-impeachment-de-bolsonaro-e-articula-campanha-de-2022-diz-gleisi-gleise-e1622451561551.jpg 884w, https:\/\/mspontocom.com.br\/site\/wp-content\/uploads\/2021\/05\/site-pt-apoia-impeachment-de-bolsonaro-e-articula-campanha-de-2022-diz-gleisi-gleise-e1622451561551-260x139.jpg 260w, https:\/\/mspontocom.com.br\/site\/wp-content\/uploads\/2021\/05\/site-pt-apoia-impeachment-de-bolsonaro-e-articula-campanha-de-2022-diz-gleisi-gleise-e1622451561551-768x410.jpg 768w\" sizes=\"(max-width: 884px) 100vw, 884px\" \/>A presidente nacional do PT, Gleisi Hoffmann, disse\u00a0 ao UOL que o partido apoia o impeachment do presidente Jair Bolsonaro\u00a0 e negou que interesse \u00e0 legenda manter Bolsonaro no poder para as elei\u00e7\u00f5es em 2022.<\/p>\n<p style=\"text-align: justify;\">A luta contra o governo Bolsonaro pelo impeachment n\u00e3o est\u00e1 relacionada a uma candidatura do Lula em 2022.<\/p>\n<p style=\"text-align: justify;\">O PT \u00e9 pelo impeachment, sempre deixou isso claro&#8221;, disse<\/p>\n<p style=\"text-align: justify;\">Para Gleisi, no entanto, \u00e9 preciso esperar a chegada das elei\u00e7\u00f5es para saber se Bolsonaro poder\u00e1 concorrer j\u00e1 que, para a deputada, a chance de impeachment est\u00e1 crescendo.<\/p>\n","protected":false},"excerpt":{"rendered":"<p>A presidente nacional do PT, Gleisi Hoffmann, disse\u00a0 ao UOL que o partido apoia o impeachment do presidente Jair Bolsonaro\u00a0 e negou que interesse \u00e0 legenda manter Bolsonaro no poder para as elei\u00e7\u00f5es em 2022. A luta contra o governo Bolsonaro pelo impeachment n\u00e3o est\u00e1 relacionada a uma candidatura do Lula em 2022. O PT [&hellip;]<\/p>\n","protected":false},"author":2,"featured_media":160225,"comment_status":"open","ping_status":"open","sticky":false,"template":"","format":"standard","meta":{"_monsterinsights_skip_tracking":false,"_monsterinsights_sitenote_active":false,"_monsterinsights_sitenote_note":"","_monsterinsights_sitenote_category":0},"categories":[30260,30259,12],"tags":[],"aioseo_notices":[],"_links":{"self":[{"href":"https:\/\/mspontocom.com.br\/site\/wp-json\/wp\/v2\/posts\/160224"}],"collection":[{"href":"https:\/\/mspontocom.com.br\/site\/wp-json\/wp\/v2\/posts"}],"about":[{"href":"https:\/\/mspontocom.com.br\/site\/wp-json\/wp\/v2\/types\/post"}],"author":[{"embeddable":true,"href":"https:\/\/mspontocom.com.br\/site\/wp-json\/wp\/v2\/users\/2"}],"replies":[{"embeddable":true,"href":"https:\/\/mspontocom.com.br\/site\/wp-json\/wp\/v2\/comments?post=160224"}],"version-history":[{"count":1,"href":"https:\/\/mspontocom.com.br\/site\/wp-json\/wp\/v2\/posts\/160224\/revisions"}],"predecessor-version":[{"id":160226,"href":"https:\/\/mspontocom.com.br\/site\/wp-json\/wp\/v2\/posts\/160224\/revisions\/160226"}],"wp:featuredmedia":[{"embeddable":true,"href":"https:\/\/mspontocom.com.br\/site\/wp-json\/wp\/v2\/media\/160225"}],"wp:attachment":[{"href":"https:\/\/mspontocom.com.br\/site\/wp-json\/wp\/v2\/media?parent=160224"}],"wp:term":[{"taxonomy":"category","embeddable":true,"href":"https:\/\/mspontocom.com.br\/site\/wp-json\/wp\/v2\/categories?post=160224"},{"taxonomy":"post_tag","embeddable":true,"href":"https:\/\/mspontocom.com.br\/site\/wp-json\/wp\/v2\/tags?post=160224"}],"curies":[{"name":"wp","href":"https:\/\/api.w.org\/{rel}","templated":true}]}}