{"id":160451,"date":"2021-06-07T06:19:27","date_gmt":"2021-06-07T10:19:27","guid":{"rendered":"https:\/\/mspontocom.com.br\/site\/?p=160451"},"modified":"2021-06-07T06:19:27","modified_gmt":"2021-06-07T10:19:27","slug":"semana-comeca-com-697-vagas-de-emprego-em-mato-grosso-do-sul","status":"publish","type":"post","link":"https:\/\/mspontocom.com.br\/site\/semana-comeca-com-697-vagas-de-emprego-em-mato-grosso-do-sul\/","title":{"rendered":"Semana come\u00e7a com 697 vagas de emprego em Mato Grosso do Sul"},"content":{"rendered":"<p style=\"text-align: justify;\"><span data-uw-styling-context=\"true\"><img loading=\"lazy\" class=\"alignnone size-full wp-image-160452\" src=\"https:\/\/mspontocom.com.br\/site\/wp-content\/uploads\/2021\/06\/site-semana-comeca-com-697-vagas-de-emprego-em-mato-grosso-do-sul-carteira-de-trabalho-868x644.jpg\" alt=\"\" width=\"868\" height=\"644\" srcset=\"https:\/\/mspontocom.com.br\/site\/wp-content\/uploads\/2021\/06\/site-semana-comeca-com-697-vagas-de-emprego-em-mato-grosso-do-sul-carteira-de-trabalho-868x644.jpg 868w, https:\/\/mspontocom.com.br\/site\/wp-content\/uploads\/2021\/06\/site-semana-comeca-com-697-vagas-de-emprego-em-mato-grosso-do-sul-carteira-de-trabalho-868x644-260x193.jpg 260w, https:\/\/mspontocom.com.br\/site\/wp-content\/uploads\/2021\/06\/site-semana-comeca-com-697-vagas-de-emprego-em-mato-grosso-do-sul-carteira-de-trabalho-868x644-768x570.jpg 768w\" sizes=\"(max-width: 868px) 100vw, 868px\" \/>A Funda\u00e7\u00e3o do Trabalho est\u00e1 com 697 ocupa\u00e7\u00f5es dispon\u00edveis nesta segunda-feira (07).\u00a0<\/span><\/p>\n<p style=\"text-align: justify;\"><span data-uw-styling-context=\"true\">S\u00f3 na Funtrab da capital, que reabre as portas para atendimento presencial, s\u00e3o 107 vagas para atua\u00e7\u00e3o em \u00e1reas diversas.\u00a0 <\/span><\/p>\n<p style=\"text-align: justify;\"><span data-uw-styling-context=\"true\">Est\u00e1gio para analista de marketing, auxiliar de linha de produ\u00e7\u00e3o, cozinheiro geral, lavador de \u00f4nibus, motorista carreteiro, pedreiro e t\u00e9cnico em programa\u00e7\u00e3o de computadores est\u00e3o na lista de vagas.\u00a0<\/span><\/p>\n<p style=\"text-align: justify;\"><span data-uw-styling-context=\"true\">Para evitar aglomera\u00e7\u00f5es na capital, a Funtrab recomenda que o trabalhador fa\u00e7a o agendamento via aplicativo MS Contrata + para Trabalhadores.\u00a0<\/span><\/p>\n<p style=\"text-align: justify;\"><span data-uw-styling-context=\"true\">No interior do Estado as vagas s\u00e3o intermediadas pela Casa do Trabalhador dos seguintes munic\u00edpios: Cassil\u00e2ndia (85), Aquidauana (59), Bataypor\u00e3 (58), Ponta Por\u00e3 (58), Navira\u00ed (53), Chapad\u00e3o do Sul (45), Amambai (41), Tr\u00eas Lagoas (28), Iguatemi (22), Sidrol\u00e2ndia (22), Costa Rica (20), Corumb\u00e1 (17), Nova Alvorada do Sul (16), Nova Andradina (12), Ribas do Rio Pardo (12), Guia Lopes da Laguna (10), Jardim (10), Ivinhema (8), Bataguassu (4), Aparecida do Taboado (3), Itaquira\u00ed (3), Maracaju (2) e S\u00e3o Gabriel do Oeste (2).\u00a0<\/span><\/p>\n<p style=\"text-align: justify;\"><span data-uw-styling-context=\"true\">Em cumprimento \u00e0s medidas locais de enfrentamento a Covid-19, a unidade de Dourados est\u00e1 com atendimentos presenciais suspensos temporariamente.\u00a0<\/span><\/p>\n<p style=\"text-align: justify;\"><span data-uw-styling-context=\"true\">O detalhamento das vagas, endere\u00e7os, telefones e hor\u00e1rios de funcionamento da Funtrab da capital e todas as unidades do interior do Estado pode ser conferido\u00a0<a href=\"https:\/\/www.funtrab.ms.gov.br\/lista-de-vagas-em-destaque\/\"><strong>aqui<\/strong><\/a>.\u00a0<\/span><\/p>\n","protected":false},"excerpt":{"rendered":"<p>A Funda\u00e7\u00e3o do Trabalho est\u00e1 com 697 ocupa\u00e7\u00f5es dispon\u00edveis nesta segunda-feira (07).\u00a0 S\u00f3 na Funtrab da capital, que reabre as portas para atendimento presencial, s\u00e3o 107 vagas para atua\u00e7\u00e3o em \u00e1reas diversas.\u00a0 Est\u00e1gio para analista de marketing, auxiliar de linha de produ\u00e7\u00e3o, cozinheiro geral, lavador de \u00f4nibus, motorista carreteiro, pedreiro e t\u00e9cnico em programa\u00e7\u00e3o de [&hellip;]<\/p>\n","protected":false},"author":2,"featured_media":160452,"comment_status":"open","ping_status":"open","sticky":false,"template":"","format":"standard","meta":{"_monsterinsights_skip_tracking":false,"_monsterinsights_sitenote_active":false,"_monsterinsights_sitenote_note":"","_monsterinsights_sitenote_category":0},"categories":[28176],"tags":[],"aioseo_notices":[],"_links":{"self":[{"href":"https:\/\/mspontocom.com.br\/site\/wp-json\/wp\/v2\/posts\/160451"}],"collection":[{"href":"https:\/\/mspontocom.com.br\/site\/wp-json\/wp\/v2\/posts"}],"about":[{"href":"https:\/\/mspontocom.com.br\/site\/wp-json\/wp\/v2\/types\/post"}],"author":[{"embeddable":true,"href":"https:\/\/mspontocom.com.br\/site\/wp-json\/wp\/v2\/users\/2"}],"replies":[{"embeddable":true,"href":"https:\/\/mspontocom.com.br\/site\/wp-json\/wp\/v2\/comments?post=160451"}],"version-history":[{"count":1,"href":"https:\/\/mspontocom.com.br\/site\/wp-json\/wp\/v2\/posts\/160451\/revisions"}],"predecessor-version":[{"id":160453,"href":"https:\/\/mspontocom.com.br\/site\/wp-json\/wp\/v2\/posts\/160451\/revisions\/160453"}],"wp:featuredmedia":[{"embeddable":true,"href":"https:\/\/mspontocom.com.br\/site\/wp-json\/wp\/v2\/media\/160452"}],"wp:attachment":[{"href":"https:\/\/mspontocom.com.br\/site\/wp-json\/wp\/v2\/media?parent=160451"}],"wp:term":[{"taxonomy":"category","embeddable":true,"href":"https:\/\/mspontocom.com.br\/site\/wp-json\/wp\/v2\/categories?post=160451"},{"taxonomy":"post_tag","embeddable":true,"href":"https:\/\/mspontocom.com.br\/site\/wp-json\/wp\/v2\/tags?post=160451"}],"curies":[{"name":"wp","href":"https:\/\/api.w.org\/{rel}","templated":true}]}}