{"id":160720,"date":"2021-06-15T09:51:09","date_gmt":"2021-06-15T13:51:09","guid":{"rendered":"https:\/\/mspontocom.com.br\/site\/?p=160720"},"modified":"2021-06-15T05:54:58","modified_gmt":"2021-06-15T09:54:58","slug":"aberto-periodo-de-inscricoes-para-cursos-do-pronatec-ms","status":"publish","type":"post","link":"https:\/\/mspontocom.com.br\/site\/aberto-periodo-de-inscricoes-para-cursos-do-pronatec-ms\/","title":{"rendered":"Aberto per\u00edodo de inscri\u00e7\u00f5es para cursos do Pronatec\/MS"},"content":{"rendered":"<p style=\"text-align: justify;\"><img loading=\"lazy\" class=\"alignnone size-full wp-image-160721\" src=\"https:\/\/mspontocom.com.br\/site\/wp-content\/uploads\/2021\/06\/site-aberto-periodo-de-inscricoes-para-cursos-do-pronatecms-pronatec.png\" alt=\"\" width=\"730\" height=\"480\" srcset=\"https:\/\/mspontocom.com.br\/site\/wp-content\/uploads\/2021\/06\/site-aberto-periodo-de-inscricoes-para-cursos-do-pronatecms-pronatec.png 730w, https:\/\/mspontocom.com.br\/site\/wp-content\/uploads\/2021\/06\/site-aberto-periodo-de-inscricoes-para-cursos-do-pronatecms-pronatec-260x171.png 260w\" sizes=\"(max-width: 730px) 100vw, 730px\" \/>Abertas as inscri\u00e7\u00f5es para os cursos profissionalizantes, t\u00e9cnicos e de qualifica\u00e7\u00e3o do Programa Nacional de Acesso ao Ensino T\u00e9cnico e Emprego (Pronatec), que ser\u00e3o ofertados pela Secretaria de Estado de Educa\u00e7\u00e3o (SED) no segundo semestre de 2021.<\/p>\n<p style=\"text-align: justify;\">O per\u00edodo de inscri\u00e7\u00f5es foi iniciado na \u00faltima quarta-feira, dia 09 de junho, com a transmiss\u00e3o da 2\u00aa Edi\u00e7\u00e3o do Webin\u00e1rio das Profiss\u00f5es pelo canal da pasta no Youtube (<a href=\"https:\/\/youtu.be\/mmthJqqQf6s\" target=\"_blank\" rel=\"noopener\">clique aqui para assistir<\/a>) e seguir\u00e1 aberto at\u00e9 o dia 04 de julho.<\/p>\n<p style=\"text-align: justify;\">As\u00a0 vagas est\u00e3o distribu\u00eddas nos munic\u00edpios de Aquidauana, Camapu\u00e3, Campo Grande, Chapad\u00e3o do Sul, Corumb\u00e1, Dourados, Jardim, Maracaju, Navira\u00ed, Parana\u00edba e Tr\u00eas Lagoas.<\/p>\n<p style=\"text-align: justify;\">Com 770 vagas ofertadas, os estudantes que est\u00e3o matriculados no Ensino M\u00e9dio poder\u00e3o se inscrever nos Cursos T\u00e9cnicos, e tamb\u00e9m h\u00e1 vagas para estudantes e a comunidade em geral nos cursos de Forma\u00e7\u00e3o Inicial e Continuada (FIC), de curta dura\u00e7\u00e3o.<\/p>\n<p style=\"text-align: justify;\">A rela\u00e7\u00e3o de cursos, munic\u00edpios e o link para pr\u00e9-matr\u00edcula est\u00e1 dispon\u00edvel no site:\u00a0<a href=\"https:\/\/www.educacaoprofissional.sed.ms.gov.br\/\">www.educacaoprofissional.sed.ms.gov.br<\/a><\/p>\n<p style=\"text-align: justify;\">Mais informa\u00e7\u00f5es, diretamente com a Coordena\u00e7\u00e3o do Pronatec em MS, pelo telefone (67) 3314-1228.<\/p>\n","protected":false},"excerpt":{"rendered":"<p>Abertas as inscri\u00e7\u00f5es para os cursos profissionalizantes, t\u00e9cnicos e de qualifica\u00e7\u00e3o do Programa Nacional de Acesso ao Ensino T\u00e9cnico e Emprego (Pronatec), que ser\u00e3o ofertados pela Secretaria de Estado de Educa\u00e7\u00e3o (SED) no segundo semestre de 2021. O per\u00edodo de inscri\u00e7\u00f5es foi iniciado na \u00faltima quarta-feira, dia 09 de junho, com a transmiss\u00e3o da 2\u00aa [&hellip;]<\/p>\n","protected":false},"author":2,"featured_media":160721,"comment_status":"open","ping_status":"open","sticky":false,"template":"","format":"standard","meta":{"_monsterinsights_skip_tracking":false,"_monsterinsights_sitenote_active":false,"_monsterinsights_sitenote_note":"","_monsterinsights_sitenote_category":0},"categories":[74],"tags":[],"aioseo_notices":[],"_links":{"self":[{"href":"https:\/\/mspontocom.com.br\/site\/wp-json\/wp\/v2\/posts\/160720"}],"collection":[{"href":"https:\/\/mspontocom.com.br\/site\/wp-json\/wp\/v2\/posts"}],"about":[{"href":"https:\/\/mspontocom.com.br\/site\/wp-json\/wp\/v2\/types\/post"}],"author":[{"embeddable":true,"href":"https:\/\/mspontocom.com.br\/site\/wp-json\/wp\/v2\/users\/2"}],"replies":[{"embeddable":true,"href":"https:\/\/mspontocom.com.br\/site\/wp-json\/wp\/v2\/comments?post=160720"}],"version-history":[{"count":1,"href":"https:\/\/mspontocom.com.br\/site\/wp-json\/wp\/v2\/posts\/160720\/revisions"}],"predecessor-version":[{"id":160722,"href":"https:\/\/mspontocom.com.br\/site\/wp-json\/wp\/v2\/posts\/160720\/revisions\/160722"}],"wp:featuredmedia":[{"embeddable":true,"href":"https:\/\/mspontocom.com.br\/site\/wp-json\/wp\/v2\/media\/160721"}],"wp:attachment":[{"href":"https:\/\/mspontocom.com.br\/site\/wp-json\/wp\/v2\/media?parent=160720"}],"wp:term":[{"taxonomy":"category","embeddable":true,"href":"https:\/\/mspontocom.com.br\/site\/wp-json\/wp\/v2\/categories?post=160720"},{"taxonomy":"post_tag","embeddable":true,"href":"https:\/\/mspontocom.com.br\/site\/wp-json\/wp\/v2\/tags?post=160720"}],"curies":[{"name":"wp","href":"https:\/\/api.w.org\/{rel}","templated":true}]}}