{"id":160890,"date":"2021-06-21T06:11:27","date_gmt":"2021-06-21T10:11:27","guid":{"rendered":"https:\/\/mspontocom.com.br\/site\/?p=160890"},"modified":"2021-06-21T07:22:51","modified_gmt":"2021-06-21T11:22:51","slug":"video-em-laboratorio-chines-aquece-discussao-sobre-origem-do-coronavirus","status":"publish","type":"post","link":"https:\/\/mspontocom.com.br\/site\/video-em-laboratorio-chines-aquece-discussao-sobre-origem-do-coronavirus\/","title":{"rendered":"V\u00eddeo em laborat\u00f3rio chin\u00eas aquece discuss\u00e3o sobre origem do coronav\u00edrus"},"content":{"rendered":"<p style=\"text-align: justify;\"><img loading=\"lazy\" class=\"alignnone size-full wp-image-160891\" src=\"https:\/\/mspontocom.com.br\/site\/wp-content\/uploads\/2021\/06\/site-video-em-laboratorio-chines-aquece-discussao-sobre-origem-do-coronavirus-virus-e1624274477228.jpg\" alt=\"\" width=\"1075\" height=\"581\" srcset=\"https:\/\/mspontocom.com.br\/site\/wp-content\/uploads\/2021\/06\/site-video-em-laboratorio-chines-aquece-discussao-sobre-origem-do-coronavirus-virus-e1624274477228.jpg 1075w, https:\/\/mspontocom.com.br\/site\/wp-content\/uploads\/2021\/06\/site-video-em-laboratorio-chines-aquece-discussao-sobre-origem-do-coronavirus-virus-e1624274477228-260x141.jpg 260w, https:\/\/mspontocom.com.br\/site\/wp-content\/uploads\/2021\/06\/site-video-em-laboratorio-chines-aquece-discussao-sobre-origem-do-coronavirus-virus-e1624274477228-768x415.jpg 768w, https:\/\/mspontocom.com.br\/site\/wp-content\/uploads\/2021\/06\/site-video-em-laboratorio-chines-aquece-discussao-sobre-origem-do-coronavirus-virus-e1624274477228-1024x553.jpg 1024w\" sizes=\"(max-width: 1075px) 100vw, 1075px\" \/>A divulga\u00e7\u00e3o de um v\u00eddeo\u00a0com imagens do que seria a festa da inaugura\u00e7\u00e3o do Instituto de Virologia de Wuhan, laborat\u00f3rio de seguran\u00e7a biol\u00f3gica m\u00e1xima na China, esquenta o debate sobre a poss\u00edvel origem do coronav\u00edrus respons\u00e1vel pela covid-19.<\/p>\n<p style=\"text-align: justify;\">As imagens, divulgadas pela\u00a0<em><a href=\"https:\/\/www.skynews.com.au\/\"><span class=\"s1\">Sky News Australia<\/span><\/a><\/em>, mostram morcegos vivos no que seria o interior do laborat\u00f3rio.<\/p>\n<p style=\"text-align: justify;\">Consultado pelo\u00a0<a href=\"https:\/\/g1.globo.com\/fantastico\/noticia\/2021\/06\/20\/polemica-sobre-origem-da-covid-esquenta-apos-imagens-de-morcegos-no-que-seria-laboratorio-de-wuhan.ghtml\"><span class=\"s1\"><i>Fant\u00e1stico<\/i><\/span><\/a>, da\u00a0<i>Rede Globo<\/i>, em mat\u00e9ria exibida nesse domingo o grupo virtual\u00a0<a href=\"https:\/\/drasticresearch.org\/\"><span class=\"s1\"><i>Drastic<\/i><\/span><\/a>\u00a0reconhece ser imposs\u00edvel provar a teoria, mas acredita se tratar de um ind\u00edcio muito forte de que, de fato, havia morcegos vivos no laborat\u00f3rio.<\/p>\n<h2 style=\"text-align: justify;\">INVESTIGA\u00c7\u00c3O<\/h2>\n<p class=\"p1\" style=\"text-align: justify;\">Uma comiss\u00e3o da OMS (Organiza\u00e7\u00e3o Mundial da Sa\u00fade) esteve na China no come\u00e7o do ano para averiguar a origem da pandemia.<\/p>\n<p class=\"p1\" style=\"text-align: justify;\">\u00a0A investiga\u00e7\u00e3o, no entanto, foi considerada \u201c<i>inconclusiva<\/i>\u201d.<\/p>\n<p class=\"p1\" style=\"text-align: justify;\">Logo depois da divulga\u00e7\u00e3o do estudo, os Estados Unidos<b>\u00a0<\/b>criticaram o relat\u00f3rio.<\/p>\n<p class=\"p1\" style=\"text-align: justify;\">A teoria sobre o vazamento do v\u00edrus de um laborat\u00f3rio tem ganhado mais plausibilidade entre a comunidade cient\u00edfica nos \u00faltimos meses.<\/p>\n<p class=\"p1\" style=\"text-align: justify;\">Um grupo de cientistas\u00a0na revista\u00a0<i>Science<\/i>\u00a0pediu uma nova investiga\u00e7\u00e3o sobre a origem do v\u00edrus.<\/p>\n<p style=\"text-align: justify;\"><a href=\"https:\/\/www.youtube.com\/watch?v=ANRs4DojOek&amp;t=3s\"><span class=\"s1\">v\u00eddeo<\/span><\/a>\u00a0com imagens do que seria a festa da inaugura\u00e7\u00e3o do Instituto de Virologia de Wuhan,<\/p>\n<p class=\"p1\" style=\"text-align: justify;\">\n","protected":false},"excerpt":{"rendered":"<p>A divulga\u00e7\u00e3o de um v\u00eddeo\u00a0com imagens do que seria a festa da inaugura\u00e7\u00e3o do Instituto de Virologia de Wuhan, laborat\u00f3rio de seguran\u00e7a biol\u00f3gica m\u00e1xima na China, esquenta o debate sobre a poss\u00edvel origem do coronav\u00edrus respons\u00e1vel pela covid-19. As imagens, divulgadas pela\u00a0Sky News Australia, mostram morcegos vivos no que seria o interior do laborat\u00f3rio. Consultado [&hellip;]<\/p>\n","protected":false},"author":2,"featured_media":160891,"comment_status":"open","ping_status":"open","sticky":false,"template":"","format":"standard","meta":{"_monsterinsights_skip_tracking":false,"_monsterinsights_sitenote_active":false,"_monsterinsights_sitenote_note":"","_monsterinsights_sitenote_category":0},"categories":[30260,7,30259],"tags":[],"aioseo_notices":[],"_links":{"self":[{"href":"https:\/\/mspontocom.com.br\/site\/wp-json\/wp\/v2\/posts\/160890"}],"collection":[{"href":"https:\/\/mspontocom.com.br\/site\/wp-json\/wp\/v2\/posts"}],"about":[{"href":"https:\/\/mspontocom.com.br\/site\/wp-json\/wp\/v2\/types\/post"}],"author":[{"embeddable":true,"href":"https:\/\/mspontocom.com.br\/site\/wp-json\/wp\/v2\/users\/2"}],"replies":[{"embeddable":true,"href":"https:\/\/mspontocom.com.br\/site\/wp-json\/wp\/v2\/comments?post=160890"}],"version-history":[{"count":1,"href":"https:\/\/mspontocom.com.br\/site\/wp-json\/wp\/v2\/posts\/160890\/revisions"}],"predecessor-version":[{"id":160892,"href":"https:\/\/mspontocom.com.br\/site\/wp-json\/wp\/v2\/posts\/160890\/revisions\/160892"}],"wp:featuredmedia":[{"embeddable":true,"href":"https:\/\/mspontocom.com.br\/site\/wp-json\/wp\/v2\/media\/160891"}],"wp:attachment":[{"href":"https:\/\/mspontocom.com.br\/site\/wp-json\/wp\/v2\/media?parent=160890"}],"wp:term":[{"taxonomy":"category","embeddable":true,"href":"https:\/\/mspontocom.com.br\/site\/wp-json\/wp\/v2\/categories?post=160890"},{"taxonomy":"post_tag","embeddable":true,"href":"https:\/\/mspontocom.com.br\/site\/wp-json\/wp\/v2\/tags?post=160890"}],"curies":[{"name":"wp","href":"https:\/\/api.w.org\/{rel}","templated":true}]}}