{"id":160897,"date":"2021-06-21T09:00:14","date_gmt":"2021-06-21T13:00:14","guid":{"rendered":"https:\/\/mspontocom.com.br\/site\/?p=160897"},"modified":"2021-06-21T07:45:39","modified_gmt":"2021-06-21T11:45:39","slug":"abertas-as-inscricoes-para-o-programa-nova-geracao-da-pwc","status":"publish","type":"post","link":"https:\/\/mspontocom.com.br\/site\/abertas-as-inscricoes-para-o-programa-nova-geracao-da-pwc\/","title":{"rendered":"Abertas as inscri\u00e7\u00f5es para o programa Nova Gera\u00e7\u00e3o da PwC"},"content":{"rendered":"<p style=\"text-align: justify;\"><img loading=\"lazy\" class=\"alignnone size-full wp-image-160898\" src=\"https:\/\/mspontocom.com.br\/site\/wp-content\/uploads\/2021\/06\/site-estao-abertas-as-inscricoes-para-o-programa-nova-geracao-da-pwc-pwc-e1624275814506.jpg\" alt=\"\" width=\"789\" height=\"339\" srcset=\"https:\/\/mspontocom.com.br\/site\/wp-content\/uploads\/2021\/06\/site-estao-abertas-as-inscricoes-para-o-programa-nova-geracao-da-pwc-pwc-e1624275814506.jpg 789w, https:\/\/mspontocom.com.br\/site\/wp-content\/uploads\/2021\/06\/site-estao-abertas-as-inscricoes-para-o-programa-nova-geracao-da-pwc-pwc-e1624275814506-260x112.jpg 260w, https:\/\/mspontocom.com.br\/site\/wp-content\/uploads\/2021\/06\/site-estao-abertas-as-inscricoes-para-o-programa-nova-geracao-da-pwc-pwc-e1624275814506-768x330.jpg 768w\" sizes=\"(max-width: 789px) 100vw, 789px\" \/>A PwC, empresa l\u00edder no mercado de presta\u00e7\u00e3o de servi\u00e7os profissionais, abriu inscri\u00e7\u00f5es para o programa Nova Gera\u00e7\u00e3o. Os candidatos podem se inscrever at\u00e9 o dia 27\/06, para in\u00edcio imediato em v\u00e1rias \u00e1reas de atua\u00e7\u00e3o.<\/p>\n<p style=\"text-align: justify;\"><strong>Inscri\u00e7\u00f5es abertas para:<\/strong><\/p>\n<ul style=\"text-align: justify;\">\n<li>Governan\u00e7a, Riscos e Controles<\/li>\n<\/ul>\n<ul style=\"text-align: justify;\">\n<li>Mercado de Capitais<\/li>\n<\/ul>\n<ul style=\"text-align: justify;\">\n<li>Auditoria<\/li>\n<\/ul>\n<ul style=\"text-align: justify;\">\n<li>Assegura\u00e7\u00e3o de Processos e Controles<\/li>\n<\/ul>\n<ul style=\"text-align: justify;\">\n<li>Consultoria de Neg\u00f3cios em Tecnologia<\/li>\n<\/ul>\n<p style=\"text-align: justify;\"><strong>Pr\u00e9-requisitos<\/strong>:<\/p>\n<ul style=\"text-align: justify;\">\n<li>Estudantes a partir do 1\u00ba ano (2\u00ba semestre) ou com at\u00e9 dois anos e meio depois de formados.<\/li>\n<\/ul>\n<ul style=\"text-align: justify;\">\n<li>Disponibilidade para trabalhar 40 horas semanais &#8211; se estiver cursando a universidade em per\u00edodo que n\u00e3o o noturno, \u00e9 necess\u00e1rio ter disponibilidade para alterar o hor\u00e1rio de estudo para este per\u00edodo.<\/li>\n<\/ul>\n<ul style=\"text-align: justify;\">\n<li>Cursos: Administra\u00e7\u00e3o, Ci\u00eancias Atuariais, Ci\u00eancias Cont\u00e1beis, Ci\u00eancias Econ\u00f4micas, Ci\u00eancias Sociais, Cursos de T.I., Direito, Gest\u00e3o Ambiental, Engenharias, Estat\u00edstica, F\u00edsica e Matem\u00e1tica.<\/li>\n<\/ul>\n<p style=\"text-align: justify;\"><strong>Benef\u00edcios:<\/strong><\/p>\n<ul>\n<li style=\"text-align: justify;\">\u00a0T\u00edquete alimenta\u00e7\u00e3o e\/ou T\u00edquete refei\u00e7\u00e3o<\/li>\n<li style=\"text-align: justify;\">\u00a0Vale-transporte<\/li>\n<li style=\"text-align: justify;\">\u00a0Assist\u00eancia m\u00e9dica<\/li>\n<li style=\"text-align: justify;\">\u00a0Reembolso de despesas odontol\u00f3gicas<\/li>\n<li style=\"text-align: justify;\">\u00a0Seguro de vida<\/li>\n<li style=\"text-align: justify;\">\u00a0Previd\u00eancia privada<\/li>\n<li style=\"text-align: justify;\">\u00a0Incentivo \u00e0 educa\u00e7\u00e3o<\/li>\n<li style=\"text-align: justify;\">\u00a0GymPass<\/li>\n<li>\u00a0PAP (Programa de Apoio Pessoal)\n<p style=\"text-align: justify;\"><strong>Informa\u00e7\u00f5es gerais:<\/strong><\/p>\n<p style=\"text-align: justify;\"><strong>Inscri\u00e7\u00f5es<\/strong>\u00a0<a href=\"https:\/\/gateway.pr.comunique-se.com.br\/api\/Campaign\/AddCampaignEmailClick\/717d1583-50ca-4cd7-7286-08d92b88641e\/about%253ablank\/3a62c3e8-195a-4a2c-fc4a-08d7c5ff26d1\/mspontocom@gmail.com\/True\" target=\"_blank\" rel=\"noopener noreferrer\" data-saferedirecturl=\"https:\/\/www.google.com\/url?q=https:\/\/gateway.pr.comunique-se.com.br\/api\/Campaign\/AddCampaignEmailClick\/717d1583-50ca-4cd7-7286-08d92b88641e\/about%25253ablank\/3a62c3e8-195a-4a2c-fc4a-08d7c5ff26d1\/mspontocom@gmail.com\/True&amp;source=gmail&amp;ust=1624361054721000&amp;usg=AFQjCNEG5xrpS4pzsWxXvSM3HNNI6-_lfg\"><strong>aqui<\/strong><\/a><strong>\u00a0&#8211;\u00a0<a href=\"https:\/\/www.pwc.com.br\/pt\/carreira-na-pwc.html\" target=\"_blank\" rel=\"noopener\" data-saferedirecturl=\"https:\/\/www.google.com\/url?q=https:\/\/www.pwc.com.br\/pt\/carreira-na-pwc.html&amp;source=gmail&amp;ust=1624361054721000&amp;usg=AFQjCNH00bwt1OdKvy9HHdy9E7CyfZBTFw\">https:\/\/www.pwc.com.br\/pt\/<wbr \/>carreira-na-pwc.html<\/a><\/strong><\/p>\n<p style=\"text-align: justify;\"><strong>Prazo<\/strong>: de 08\/06 a 27\/06<\/p>\n<\/li>\n<\/ul>\n","protected":false},"excerpt":{"rendered":"<p>A PwC, empresa l\u00edder no mercado de presta\u00e7\u00e3o de servi\u00e7os profissionais, abriu inscri\u00e7\u00f5es para o programa Nova Gera\u00e7\u00e3o. Os candidatos podem se inscrever at\u00e9 o dia 27\/06, para in\u00edcio imediato em v\u00e1rias \u00e1reas de atua\u00e7\u00e3o. Inscri\u00e7\u00f5es abertas para: Governan\u00e7a, Riscos e Controles Mercado de Capitais Auditoria Assegura\u00e7\u00e3o de Processos e Controles Consultoria de Neg\u00f3cios em [&hellip;]<\/p>\n","protected":false},"author":2,"featured_media":160898,"comment_status":"open","ping_status":"open","sticky":false,"template":"","format":"standard","meta":{"_monsterinsights_skip_tracking":false,"_monsterinsights_sitenote_active":false,"_monsterinsights_sitenote_note":"","_monsterinsights_sitenote_category":0},"categories":[28176],"tags":[],"aioseo_notices":[],"_links":{"self":[{"href":"https:\/\/mspontocom.com.br\/site\/wp-json\/wp\/v2\/posts\/160897"}],"collection":[{"href":"https:\/\/mspontocom.com.br\/site\/wp-json\/wp\/v2\/posts"}],"about":[{"href":"https:\/\/mspontocom.com.br\/site\/wp-json\/wp\/v2\/types\/post"}],"author":[{"embeddable":true,"href":"https:\/\/mspontocom.com.br\/site\/wp-json\/wp\/v2\/users\/2"}],"replies":[{"embeddable":true,"href":"https:\/\/mspontocom.com.br\/site\/wp-json\/wp\/v2\/comments?post=160897"}],"version-history":[{"count":1,"href":"https:\/\/mspontocom.com.br\/site\/wp-json\/wp\/v2\/posts\/160897\/revisions"}],"predecessor-version":[{"id":160899,"href":"https:\/\/mspontocom.com.br\/site\/wp-json\/wp\/v2\/posts\/160897\/revisions\/160899"}],"wp:featuredmedia":[{"embeddable":true,"href":"https:\/\/mspontocom.com.br\/site\/wp-json\/wp\/v2\/media\/160898"}],"wp:attachment":[{"href":"https:\/\/mspontocom.com.br\/site\/wp-json\/wp\/v2\/media?parent=160897"}],"wp:term":[{"taxonomy":"category","embeddable":true,"href":"https:\/\/mspontocom.com.br\/site\/wp-json\/wp\/v2\/categories?post=160897"},{"taxonomy":"post_tag","embeddable":true,"href":"https:\/\/mspontocom.com.br\/site\/wp-json\/wp\/v2\/tags?post=160897"}],"curies":[{"name":"wp","href":"https:\/\/api.w.org\/{rel}","templated":true}]}}