{"id":161107,"date":"2021-06-28T05:52:26","date_gmt":"2021-06-28T09:52:26","guid":{"rendered":"https:\/\/mspontocom.com.br\/site\/?p=161107"},"modified":"2021-06-28T05:52:26","modified_gmt":"2021-06-28T09:52:26","slug":"ms-abre-semana-com-oferta-de-927-vagas-de-emprego-na-capital-e-interior","status":"publish","type":"post","link":"https:\/\/mspontocom.com.br\/site\/ms-abre-semana-com-oferta-de-927-vagas-de-emprego-na-capital-e-interior\/","title":{"rendered":"MS abre semana com oferta de 927 vagas de emprego na capital e interior"},"content":{"rendered":"<p style=\"text-align: justify;\"><img loading=\"lazy\" class=\"alignnone size-full wp-image-161114\" src=\"https:\/\/mspontocom.com.br\/site\/wp-content\/uploads\/2021\/06\/site-ms-abre-semana-com-oferta-de-927-vagas-de-emprego-na-capital-e-interior-carteira-de-trabalho2-4.jpg\" alt=\"\" width=\"450\" height=\"269\" srcset=\"https:\/\/mspontocom.com.br\/site\/wp-content\/uploads\/2021\/06\/site-ms-abre-semana-com-oferta-de-927-vagas-de-emprego-na-capital-e-interior-carteira-de-trabalho2-4.jpg 450w, https:\/\/mspontocom.com.br\/site\/wp-content\/uploads\/2021\/06\/site-ms-abre-semana-com-oferta-de-927-vagas-de-emprego-na-capital-e-interior-carteira-de-trabalho2-4-260x155.jpg 260w\" sizes=\"(max-width: 450px) 100vw, 450px\" \/><\/p>\n<p style=\"text-align: justify;\">Para quem busca uma oportunidade no mercado de trabalho a semana em Mato Grosso do Sul come\u00e7a com a oferta de 927 vagas em todo Estado.<\/p>\n<p style=\"text-align: justify;\">As ocupa\u00e7\u00f5es s\u00e3o ofertadas pela Funda\u00e7\u00e3o do Trabalho, presente na capital e nos munic\u00edpios do interior via Casa do Trabalhador.<\/p>\n<p style=\"text-align: justify;\">Em Campo Grande os atendimentos presenciais foram retomados nesta segunda-feira (28) com oferta de 158 vagas, por\u00e9m a Funtrab refor\u00e7a que n\u00e3o haver\u00e1 distribui\u00e7\u00e3o de senhas, os atendimentos ser\u00e3o voltados aos agendamentos feitos via aplicativo MS Contrata +.<\/p>\n<p style=\"text-align: justify;\">Tamb\u00e9m h\u00e1 vagas de emprego ofertadas nesta \u00faltima semana de junho\u00a0 em 27 munic\u00edpios do interior do Estado:\u00a0Itaquira\u00ed (88), Dourados (82), Tres Lagoas (72), Ponta Por\u00e3 (63), Sidrol\u00e2ndia (55), Cassil\u00e2ndia (52), Chapad\u00e3o do Sul (51), Amambai (41), Costa Rica (39), Maracaju (39), Iguatemi (37), Ribas do Rio Pardo (30), Nova Andradina (14), Aparecida do Taboado (13), Bataypor\u00e3 (12), Corumba (12), Jardim (11), Nova Alvorada do Sul (10), Parana\u00edba (9), Guia Lopes da Laguna (8), Navira\u00ed (7), Rio Verde de Mato Grosso (7), S\u00e3o Gabriel do Oeste (7), Aquidauana (6), Ivinhema (2), Coxim (1) e Miranda (1).<\/p>\n<p style=\"text-align: justify;\">O detalhamento das vagas, endere\u00e7os, telefones e hor\u00e1rios de funcionamento da Funtrab da capital e todas as unidades do interior do Estado pode ser conferido\u00a0<strong><a href=\"https:\/\/www.funtrab.ms.gov.br\/lista-de-vagas-em-destaque\/\">aqui<\/a><\/strong>.<\/p>\n","protected":false},"excerpt":{"rendered":"<p>Para quem busca uma oportunidade no mercado de trabalho a semana em Mato Grosso do Sul come\u00e7a com a oferta de 927 vagas em todo Estado. As ocupa\u00e7\u00f5es s\u00e3o ofertadas pela Funda\u00e7\u00e3o do Trabalho, presente na capital e nos munic\u00edpios do interior via Casa do Trabalhador. Em Campo Grande os atendimentos presenciais foram retomados nesta [&hellip;]<\/p>\n","protected":false},"author":2,"featured_media":161114,"comment_status":"open","ping_status":"open","sticky":false,"template":"","format":"standard","meta":{"_monsterinsights_skip_tracking":false,"_monsterinsights_sitenote_active":false,"_monsterinsights_sitenote_note":"","_monsterinsights_sitenote_category":0},"categories":[28176,74],"tags":[],"aioseo_notices":[],"_links":{"self":[{"href":"https:\/\/mspontocom.com.br\/site\/wp-json\/wp\/v2\/posts\/161107"}],"collection":[{"href":"https:\/\/mspontocom.com.br\/site\/wp-json\/wp\/v2\/posts"}],"about":[{"href":"https:\/\/mspontocom.com.br\/site\/wp-json\/wp\/v2\/types\/post"}],"author":[{"embeddable":true,"href":"https:\/\/mspontocom.com.br\/site\/wp-json\/wp\/v2\/users\/2"}],"replies":[{"embeddable":true,"href":"https:\/\/mspontocom.com.br\/site\/wp-json\/wp\/v2\/comments?post=161107"}],"version-history":[{"count":2,"href":"https:\/\/mspontocom.com.br\/site\/wp-json\/wp\/v2\/posts\/161107\/revisions"}],"predecessor-version":[{"id":161115,"href":"https:\/\/mspontocom.com.br\/site\/wp-json\/wp\/v2\/posts\/161107\/revisions\/161115"}],"wp:featuredmedia":[{"embeddable":true,"href":"https:\/\/mspontocom.com.br\/site\/wp-json\/wp\/v2\/media\/161114"}],"wp:attachment":[{"href":"https:\/\/mspontocom.com.br\/site\/wp-json\/wp\/v2\/media?parent=161107"}],"wp:term":[{"taxonomy":"category","embeddable":true,"href":"https:\/\/mspontocom.com.br\/site\/wp-json\/wp\/v2\/categories?post=161107"},{"taxonomy":"post_tag","embeddable":true,"href":"https:\/\/mspontocom.com.br\/site\/wp-json\/wp\/v2\/tags?post=161107"}],"curies":[{"name":"wp","href":"https:\/\/api.w.org\/{rel}","templated":true}]}}