{"id":161289,"date":"2021-07-02T08:33:35","date_gmt":"2021-07-02T12:33:35","guid":{"rendered":"https:\/\/mspontocom.com.br\/site\/?p=161289"},"modified":"2021-07-02T08:33:35","modified_gmt":"2021-07-02T12:33:35","slug":"loreal-recebe-inscricoes-para-programa-de-trainee","status":"publish","type":"post","link":"https:\/\/mspontocom.com.br\/site\/loreal-recebe-inscricoes-para-programa-de-trainee\/","title":{"rendered":"L&#8217;Or\u00e9al recebe inscri\u00e7\u00f5es para Programa de Trainee"},"content":{"rendered":"<p style=\"text-align: justify;\"><img loading=\"lazy\" class=\"alignnone size-full wp-image-161298\" src=\"https:\/\/mspontocom.com.br\/site\/wp-content\/uploads\/2021\/07\/site-loreal-recebe-inscricoes-para-programa-de-trainee-lorealbr.jpg\" alt=\"\" width=\"659\" height=\"378\" srcset=\"https:\/\/mspontocom.com.br\/site\/wp-content\/uploads\/2021\/07\/site-loreal-recebe-inscricoes-para-programa-de-trainee-lorealbr.jpg 659w, https:\/\/mspontocom.com.br\/site\/wp-content\/uploads\/2021\/07\/site-loreal-recebe-inscricoes-para-programa-de-trainee-lorealbr-260x149.jpg 260w\" sizes=\"(max-width: 659px) 100vw, 659px\" \/><\/p>\n<p style=\"text-align: justify;\">A\u00a0<strong>L&#8217;Or\u00e9al Brasil<\/strong>\u00a0inscreve novos talentos para seu Programa de Trainee 2021.<\/p>\n<p style=\"text-align: justify;\">Candidatos com at\u00e9 tr\u00eas anos de formados est\u00e3o aptos para inscri\u00e7\u00e3o e, pela primeira vez, 50% das vagas ser\u00e3o destinadas a candidatos negros.<\/p>\n<p style=\"text-align: justify;\">Para trazer pluralidade e ajudar na forma\u00e7\u00e3o dos futuros l\u00edderes, a\u00a0<strong>L&#8217;Or\u00e9al Brasil<\/strong>\u00a0oferece duas categorias dentro do programa: vagas com foco em Neg\u00f3cio e em Expertise.<\/p>\n<p style=\"text-align: justify;\">A previs\u00e3o de in\u00edcio e trabalho \u00e9 em setembro de 2021 e as inscri\u00e7\u00f5es podem ser feitas atrav\u00e9s do site\u00a0<a href=\"https:\/\/traineeloreal.ciadetalentos.com.br\/\" target=\"_blank\" rel=\"noopener\">https:\/\/traineeloreal.ciadetalentos.com.br<\/a>. O prazo de inscri\u00e7\u00f5es ficar\u00e1 aberto at\u00e9 o dia 23 de julho.<\/p>\n<p style=\"text-align: justify;\">,Com\u00a0<a href=\"https:\/\/jcconcursos.uol.com.br\/noticia\/empregos\">vagas<\/a>\u00a0no\u00a0<a href=\"https:\/\/jcconcursos.uol.com.br\/concursos\/rj\">Rio de Janeiro<\/a>\u00a0e em\u00a0<a href=\"https:\/\/jcconcursos.uol.com.br\/concursos\/sp\">S\u00e3o Paulo<\/a>.<\/p>\n","protected":false},"excerpt":{"rendered":"<p>A\u00a0L&#8217;Or\u00e9al Brasil\u00a0inscreve novos talentos para seu Programa de Trainee 2021. Candidatos com at\u00e9 tr\u00eas anos de formados est\u00e3o aptos para inscri\u00e7\u00e3o e, pela primeira vez, 50% das vagas ser\u00e3o destinadas a candidatos negros. Para trazer pluralidade e ajudar na forma\u00e7\u00e3o dos futuros l\u00edderes, a\u00a0L&#8217;Or\u00e9al Brasil\u00a0oferece duas categorias dentro do programa: vagas com foco em Neg\u00f3cio [&hellip;]<\/p>\n","protected":false},"author":2,"featured_media":161298,"comment_status":"open","ping_status":"open","sticky":false,"template":"","format":"standard","meta":{"_monsterinsights_skip_tracking":false,"_monsterinsights_sitenote_active":false,"_monsterinsights_sitenote_note":"","_monsterinsights_sitenote_category":0},"categories":[28176],"tags":[],"aioseo_notices":[],"_links":{"self":[{"href":"https:\/\/mspontocom.com.br\/site\/wp-json\/wp\/v2\/posts\/161289"}],"collection":[{"href":"https:\/\/mspontocom.com.br\/site\/wp-json\/wp\/v2\/posts"}],"about":[{"href":"https:\/\/mspontocom.com.br\/site\/wp-json\/wp\/v2\/types\/post"}],"author":[{"embeddable":true,"href":"https:\/\/mspontocom.com.br\/site\/wp-json\/wp\/v2\/users\/2"}],"replies":[{"embeddable":true,"href":"https:\/\/mspontocom.com.br\/site\/wp-json\/wp\/v2\/comments?post=161289"}],"version-history":[{"count":2,"href":"https:\/\/mspontocom.com.br\/site\/wp-json\/wp\/v2\/posts\/161289\/revisions"}],"predecessor-version":[{"id":161299,"href":"https:\/\/mspontocom.com.br\/site\/wp-json\/wp\/v2\/posts\/161289\/revisions\/161299"}],"wp:featuredmedia":[{"embeddable":true,"href":"https:\/\/mspontocom.com.br\/site\/wp-json\/wp\/v2\/media\/161298"}],"wp:attachment":[{"href":"https:\/\/mspontocom.com.br\/site\/wp-json\/wp\/v2\/media?parent=161289"}],"wp:term":[{"taxonomy":"category","embeddable":true,"href":"https:\/\/mspontocom.com.br\/site\/wp-json\/wp\/v2\/categories?post=161289"},{"taxonomy":"post_tag","embeddable":true,"href":"https:\/\/mspontocom.com.br\/site\/wp-json\/wp\/v2\/tags?post=161289"}],"curies":[{"name":"wp","href":"https:\/\/api.w.org\/{rel}","templated":true}]}}