{"id":161401,"date":"2021-07-06T08:23:13","date_gmt":"2021-07-06T12:23:13","guid":{"rendered":"https:\/\/mspontocom.com.br\/site\/?p=161401"},"modified":"2021-07-06T07:54:30","modified_gmt":"2021-07-06T11:54:30","slug":"natura-inscricoes-abertas-para-vagas-de-estagio","status":"publish","type":"post","link":"https:\/\/mspontocom.com.br\/site\/natura-inscricoes-abertas-para-vagas-de-estagio\/","title":{"rendered":"Natura: Inscri\u00e7\u00f5es abertas para vagas de est\u00e1gio"},"content":{"rendered":"<p style=\"text-align: justify;\"><img loading=\"lazy\" class=\"alignnone size-full wp-image-161403\" src=\"https:\/\/mspontocom.com.br\/site\/wp-content\/uploads\/2021\/07\/site-natura-inscricoes-abertas-para-vagas-de-estagio-natura-2.jpg\" alt=\"\" width=\"800\" height=\"542\" srcset=\"https:\/\/mspontocom.com.br\/site\/wp-content\/uploads\/2021\/07\/site-natura-inscricoes-abertas-para-vagas-de-estagio-natura-2.jpg 800w, https:\/\/mspontocom.com.br\/site\/wp-content\/uploads\/2021\/07\/site-natura-inscricoes-abertas-para-vagas-de-estagio-natura-2-260x176.jpg 260w, https:\/\/mspontocom.com.br\/site\/wp-content\/uploads\/2021\/07\/site-natura-inscricoes-abertas-para-vagas-de-estagio-natura-2-768x520.jpg 768w\" sizes=\"(max-width: 800px) 100vw, 800px\" \/>Est\u00e3o abertas as inscri\u00e7\u00f5es da\u00a0<strong>Natura<\/strong>, parte do grupo Natura &amp;Co (Natura, Avon, The Body Shop e Aesop), para o Programa Est\u00e1gio Natura 2021, com mais de 30 vagas nas \u00e1reas de Finan\u00e7as; Pessoas, Cultura e Organiza\u00e7\u00e3o; Opera\u00e7\u00f5es e Log\u00edstica; Neg\u00f3cios Brasil; Marketing e Inova\u00e7\u00e3o, e Hub de Comunica\u00e7\u00e3o. As inscri\u00e7\u00f5es v\u00e3o at\u00e9 7 de julho.<\/p>\n<p style=\"text-align: justify;\"><strong>Requisitos<\/strong><\/p>\n<p style=\"text-align: justify;\">Podem se candidatar os estudantes\u00a0de curso superior (bacharel, licenciatura ou tecn\u00f3logo), com forma\u00e7\u00e3o entre dezembro de 2022 e dezembro de 2023. Assim como em edi\u00e7\u00f5es anteriores, n\u00e3o h\u00e1 restri\u00e7\u00f5es de faculdades, idade ou idioma.<\/p>\n<ul style=\"text-align: justify;\">\n<li>Ano de forma\u00e7\u00e3o: Dezembro\/2022 a Dezembro\/2023<\/li>\n<li>Curso superior: Bacharel, Licenciatura ou Tecn\u00f3logo<\/li>\n<li>Cursos correlacionados com as \u00e1reas que temos vagas<\/li>\n<li>Disponibilidade para estagiar 6h di\u00e1rias<\/li>\n<li>Disponibilidade para estagiar em alguma das localidades que a empresa tem vaga<\/li>\n<\/ul>\n<p style=\"text-align: justify;\">\n<p style=\"text-align: justify;\"><strong>Benef\u00edcios<\/strong><\/p>\n<p style=\"text-align: justify;\">A\u00a0<strong>Natura<\/strong>\u00a0oferece bolsa-aux\u00edlio R$ 1400; refeit\u00f3rio no local &#8211; caf\u00e9 e almo\u00e7o ou vale-refei\u00e7\u00e3o; assist\u00eancia funeral; PAP &#8211; Programa de Apoio Pessoal; ber\u00e7\u00e1rio ou aux\u00edlio-creche; aux\u00edlio-filho excepcional; clube Natura; kit nascimento; espa\u00e7o bem estar; transporte fretado (conforme disponibilidade) ou vale-transporte; conv\u00eanio farm\u00e1cia (facilidade); programa de gestante; licen\u00e7a maternidade; licen\u00e7a paternidade; mindfulness; viva sua sa\u00fade; dentre outros benef\u00edcios e\/ou iniciativas.<\/p>\n<p style=\"text-align: justify;\"><strong>Inscri\u00e7\u00f5es<\/strong><\/p>\n<p style=\"text-align: justify;\">Para fazer a inscri\u00e7\u00e3o, o candidato deve acessar o site da 99jobs (<a href=\"https:\/\/bit.ly\/3gQGIMg\" target=\"_blank\" rel=\"noopener\">https:\/\/bit.ly\/3gQGIMg<\/a>) e clicar em &#8220;inscrever-se&#8221;. Na seguinte etapa, ser\u00e1 direcionado para o chatbot (uma conversa no Facebook), onde iniciar\u00e1 sua inscri\u00e7\u00e3o<\/p>\n<p style=\"text-align: justify;\">\n","protected":false},"excerpt":{"rendered":"<p>Est\u00e3o abertas as inscri\u00e7\u00f5es da\u00a0Natura, parte do grupo Natura &amp;Co (Natura, Avon, The Body Shop e Aesop), para o Programa Est\u00e1gio Natura 2021, com mais de 30 vagas nas \u00e1reas de Finan\u00e7as; Pessoas, Cultura e Organiza\u00e7\u00e3o; Opera\u00e7\u00f5es e Log\u00edstica; Neg\u00f3cios Brasil; Marketing e Inova\u00e7\u00e3o, e Hub de Comunica\u00e7\u00e3o. As inscri\u00e7\u00f5es v\u00e3o at\u00e9 7 de julho. [&hellip;]<\/p>\n","protected":false},"author":2,"featured_media":161403,"comment_status":"open","ping_status":"open","sticky":false,"template":"","format":"standard","meta":{"_monsterinsights_skip_tracking":false,"_monsterinsights_sitenote_active":false,"_monsterinsights_sitenote_note":"","_monsterinsights_sitenote_category":0},"categories":[28176],"tags":[],"aioseo_notices":[],"_links":{"self":[{"href":"https:\/\/mspontocom.com.br\/site\/wp-json\/wp\/v2\/posts\/161401"}],"collection":[{"href":"https:\/\/mspontocom.com.br\/site\/wp-json\/wp\/v2\/posts"}],"about":[{"href":"https:\/\/mspontocom.com.br\/site\/wp-json\/wp\/v2\/types\/post"}],"author":[{"embeddable":true,"href":"https:\/\/mspontocom.com.br\/site\/wp-json\/wp\/v2\/users\/2"}],"replies":[{"embeddable":true,"href":"https:\/\/mspontocom.com.br\/site\/wp-json\/wp\/v2\/comments?post=161401"}],"version-history":[{"count":1,"href":"https:\/\/mspontocom.com.br\/site\/wp-json\/wp\/v2\/posts\/161401\/revisions"}],"predecessor-version":[{"id":161404,"href":"https:\/\/mspontocom.com.br\/site\/wp-json\/wp\/v2\/posts\/161401\/revisions\/161404"}],"wp:featuredmedia":[{"embeddable":true,"href":"https:\/\/mspontocom.com.br\/site\/wp-json\/wp\/v2\/media\/161403"}],"wp:attachment":[{"href":"https:\/\/mspontocom.com.br\/site\/wp-json\/wp\/v2\/media?parent=161401"}],"wp:term":[{"taxonomy":"category","embeddable":true,"href":"https:\/\/mspontocom.com.br\/site\/wp-json\/wp\/v2\/categories?post=161401"},{"taxonomy":"post_tag","embeddable":true,"href":"https:\/\/mspontocom.com.br\/site\/wp-json\/wp\/v2\/tags?post=161401"}],"curies":[{"name":"wp","href":"https:\/\/api.w.org\/{rel}","templated":true}]}}