{"id":161591,"date":"2021-07-11T06:44:18","date_gmt":"2021-07-11T10:44:18","guid":{"rendered":"https:\/\/mspontocom.com.br\/site\/?p=161591"},"modified":"2021-07-11T06:44:18","modified_gmt":"2021-07-11T10:44:18","slug":"yara-inscreve-para-programa-jovens-agronomos-2021","status":"publish","type":"post","link":"https:\/\/mspontocom.com.br\/site\/yara-inscreve-para-programa-jovens-agronomos-2021\/","title":{"rendered":"Yara inscreve para Programa Jovens Agr\u00f4nomos 2021"},"content":{"rendered":"<p style=\"text-align: justify;\"><img loading=\"lazy\" class=\"alignnone size-full wp-image-161592\" src=\"https:\/\/mspontocom.com.br\/site\/wp-content\/uploads\/2021\/07\/site-yara-inscreve-para-programa-jovens-agronomos-2021-iara.jpg\" alt=\"\" width=\"299\" height=\"168\" srcset=\"https:\/\/mspontocom.com.br\/site\/wp-content\/uploads\/2021\/07\/site-yara-inscreve-para-programa-jovens-agronomos-2021-iara.jpg 299w, https:\/\/mspontocom.com.br\/site\/wp-content\/uploads\/2021\/07\/site-yara-inscreve-para-programa-jovens-agronomos-2021-iara-260x146.jpg 260w\" sizes=\"(max-width: 299px) 100vw, 299px\" \/><\/p>\n<p style=\"text-align: justify;\">A\u00a0<strong>Yara<\/strong>, especializada em nutri\u00e7\u00e3o de plantas, abriu o prazo de inscri\u00e7\u00f5es para o Programa Jovens Agr\u00f4nomos 2021, com objetivo de contratar Analistas T\u00e9cnicos Comerciais.<\/p>\n<p style=\"text-align: justify;\">As vagas est\u00e3o divididas entre as regi\u00f5es do Esp\u00edrito Santo, Maranh\u00e3o, Minas Gerais, <strong>Mato Grosso do Sul,<\/strong> Paran\u00e1, Rio Grande do Sul e S\u00e3o Paulo.<\/p>\n<p style=\"text-align: justify;\">Est\u00e3o habilitados \u00e0s vagas\u00a0os candidatos rec\u00e9m-formados ou pr\u00f3ximos \u00e0 conclus\u00e3o do curso de gradua\u00e7\u00e3o na \u00e1rea de Engenharia Agron\u00f4mica.<\/p>\n<p style=\"text-align: justify;\">Os candidatos interessados em participar do Programa Jovens Agr\u00f4nomos 2021 devem efetuar a inscri\u00e7\u00e3o at\u00e9 o dia 1\u00b0 de agosto no site\u00a0<a href=\"https:\/\/yara.prospectatalentos.com.br\/\" target=\"_blank\" rel=\"noopener\">https:\/\/yara.prospectatalentos.com.br<\/a>.<\/p>\n","protected":false},"excerpt":{"rendered":"<p>A\u00a0Yara, especializada em nutri\u00e7\u00e3o de plantas, abriu o prazo de inscri\u00e7\u00f5es para o Programa Jovens Agr\u00f4nomos 2021, com objetivo de contratar Analistas T\u00e9cnicos Comerciais. As vagas est\u00e3o divididas entre as regi\u00f5es do Esp\u00edrito Santo, Maranh\u00e3o, Minas Gerais, Mato Grosso do Sul, Paran\u00e1, Rio Grande do Sul e S\u00e3o Paulo. Est\u00e3o habilitados \u00e0s vagas\u00a0os candidatos rec\u00e9m-formados [&hellip;]<\/p>\n","protected":false},"author":2,"featured_media":161592,"comment_status":"open","ping_status":"open","sticky":false,"template":"","format":"standard","meta":{"_monsterinsights_skip_tracking":false,"_monsterinsights_sitenote_active":false,"_monsterinsights_sitenote_note":"","_monsterinsights_sitenote_category":0},"categories":[28176],"tags":[],"aioseo_notices":[],"_links":{"self":[{"href":"https:\/\/mspontocom.com.br\/site\/wp-json\/wp\/v2\/posts\/161591"}],"collection":[{"href":"https:\/\/mspontocom.com.br\/site\/wp-json\/wp\/v2\/posts"}],"about":[{"href":"https:\/\/mspontocom.com.br\/site\/wp-json\/wp\/v2\/types\/post"}],"author":[{"embeddable":true,"href":"https:\/\/mspontocom.com.br\/site\/wp-json\/wp\/v2\/users\/2"}],"replies":[{"embeddable":true,"href":"https:\/\/mspontocom.com.br\/site\/wp-json\/wp\/v2\/comments?post=161591"}],"version-history":[{"count":1,"href":"https:\/\/mspontocom.com.br\/site\/wp-json\/wp\/v2\/posts\/161591\/revisions"}],"predecessor-version":[{"id":161593,"href":"https:\/\/mspontocom.com.br\/site\/wp-json\/wp\/v2\/posts\/161591\/revisions\/161593"}],"wp:featuredmedia":[{"embeddable":true,"href":"https:\/\/mspontocom.com.br\/site\/wp-json\/wp\/v2\/media\/161592"}],"wp:attachment":[{"href":"https:\/\/mspontocom.com.br\/site\/wp-json\/wp\/v2\/media?parent=161591"}],"wp:term":[{"taxonomy":"category","embeddable":true,"href":"https:\/\/mspontocom.com.br\/site\/wp-json\/wp\/v2\/categories?post=161591"},{"taxonomy":"post_tag","embeddable":true,"href":"https:\/\/mspontocom.com.br\/site\/wp-json\/wp\/v2\/tags?post=161591"}],"curies":[{"name":"wp","href":"https:\/\/api.w.org\/{rel}","templated":true}]}}