{"id":161916,"date":"2021-07-22T08:51:10","date_gmt":"2021-07-22T12:51:10","guid":{"rendered":"https:\/\/mspontocom.com.br\/site\/?p=161916"},"modified":"2021-07-22T07:56:09","modified_gmt":"2021-07-22T11:56:09","slug":"natura-e-avon-oferecem-190-vagas-para-jovens-aprendizes","status":"publish","type":"post","link":"https:\/\/mspontocom.com.br\/site\/natura-e-avon-oferecem-190-vagas-para-jovens-aprendizes\/","title":{"rendered":"Natura e Avon oferecem 190 vagas para jovens aprendizes"},"content":{"rendered":"<p style=\"text-align: justify;\"><img loading=\"lazy\" class=\"alignnone size-full wp-image-161924\" src=\"https:\/\/mspontocom.com.br\/site\/wp-content\/uploads\/2021\/07\/site-natura-e-avon-oferecem-190-vagas-para-jovens-aprendizes-avon-natura3.jpg\" alt=\"\" width=\"659\" height=\"378\" srcset=\"https:\/\/mspontocom.com.br\/site\/wp-content\/uploads\/2021\/07\/site-natura-e-avon-oferecem-190-vagas-para-jovens-aprendizes-avon-natura3.jpg 659w, https:\/\/mspontocom.com.br\/site\/wp-content\/uploads\/2021\/07\/site-natura-e-avon-oferecem-190-vagas-para-jovens-aprendizes-avon-natura3-260x149.jpg 260w\" sizes=\"(max-width: 659px) 100vw, 659px\" \/>A\u00a0<strong>Natura<\/strong>\u00a0e a\u00a0<strong>Avon<\/strong>, que atualmente fazem parte do grupo Natura &amp; Co, est\u00e3o com inscri\u00e7\u00f5es abertas para Programa Jovem Aprendiz 2021.<\/p>\n<p style=\"text-align: justify;\">S\u00e3o mais de 190 opoetunidades\u00a0entre as duas empresas para diferentes perfis.<\/p>\n<p style=\"text-align: justify;\">Neste ano, as companhias ir\u00e3o promover um processo seletivo\u00a0100% digital pela Taqe.<\/p>\n<p style=\"text-align: justify;\">Os interessados em participar do processo seletivo para o Programa Jovem Aprendiz 2021 da\u00a0<strong>Natura<\/strong>\u00a0e da\u00a0<strong>Avon<\/strong>\u00a0devem acessar o site\u00a0<a href=\"https:\/\/www.taqe.com.br\/natura-e-avon\" target=\"_blank\" rel=\"noopener\">www.taqe.com.br\/natura-e-avon<\/a>\u00a0e cadastrar curr\u00edculo.<\/p>\n<p style=\"text-align: justify;\">Vagas nas cidades S\u00e3o Paulo, Cabre\u00fava, Fortaleza, Salvador, Cajamar, Benevides e Itupeva.<\/p>\n","protected":false},"excerpt":{"rendered":"<p>A\u00a0Natura\u00a0e a\u00a0Avon, que atualmente fazem parte do grupo Natura &amp; Co, est\u00e3o com inscri\u00e7\u00f5es abertas para Programa Jovem Aprendiz 2021. S\u00e3o mais de 190 opoetunidades\u00a0entre as duas empresas para diferentes perfis. Neste ano, as companhias ir\u00e3o promover um processo seletivo\u00a0100% digital pela Taqe. Os interessados em participar do processo seletivo para o Programa Jovem Aprendiz [&hellip;]<\/p>\n","protected":false},"author":2,"featured_media":161924,"comment_status":"open","ping_status":"open","sticky":false,"template":"","format":"standard","meta":{"_monsterinsights_skip_tracking":false,"_monsterinsights_sitenote_active":false,"_monsterinsights_sitenote_note":"","_monsterinsights_sitenote_category":0},"categories":[28176],"tags":[14320,18464,11872],"aioseo_notices":[],"_links":{"self":[{"href":"https:\/\/mspontocom.com.br\/site\/wp-json\/wp\/v2\/posts\/161916"}],"collection":[{"href":"https:\/\/mspontocom.com.br\/site\/wp-json\/wp\/v2\/posts"}],"about":[{"href":"https:\/\/mspontocom.com.br\/site\/wp-json\/wp\/v2\/types\/post"}],"author":[{"embeddable":true,"href":"https:\/\/mspontocom.com.br\/site\/wp-json\/wp\/v2\/users\/2"}],"replies":[{"embeddable":true,"href":"https:\/\/mspontocom.com.br\/site\/wp-json\/wp\/v2\/comments?post=161916"}],"version-history":[{"count":2,"href":"https:\/\/mspontocom.com.br\/site\/wp-json\/wp\/v2\/posts\/161916\/revisions"}],"predecessor-version":[{"id":161925,"href":"https:\/\/mspontocom.com.br\/site\/wp-json\/wp\/v2\/posts\/161916\/revisions\/161925"}],"wp:featuredmedia":[{"embeddable":true,"href":"https:\/\/mspontocom.com.br\/site\/wp-json\/wp\/v2\/media\/161924"}],"wp:attachment":[{"href":"https:\/\/mspontocom.com.br\/site\/wp-json\/wp\/v2\/media?parent=161916"}],"wp:term":[{"taxonomy":"category","embeddable":true,"href":"https:\/\/mspontocom.com.br\/site\/wp-json\/wp\/v2\/categories?post=161916"},{"taxonomy":"post_tag","embeddable":true,"href":"https:\/\/mspontocom.com.br\/site\/wp-json\/wp\/v2\/tags?post=161916"}],"curies":[{"name":"wp","href":"https:\/\/api.w.org\/{rel}","templated":true}]}}