{"id":161947,"date":"2021-07-23T05:12:48","date_gmt":"2021-07-23T09:12:48","guid":{"rendered":"https:\/\/mspontocom.com.br\/site\/?p=161947"},"modified":"2021-07-23T05:12:48","modified_gmt":"2021-07-23T09:12:48","slug":"arcaicos-lula-e-chico-buarque-assinam-carta-no-nyt-contra-embargo-a-cuba","status":"publish","type":"post","link":"https:\/\/mspontocom.com.br\/site\/arcaicos-lula-e-chico-buarque-assinam-carta-no-nyt-contra-embargo-a-cuba\/","title":{"rendered":"Arcaicos: Lula e Chico Buarque assinam carta no NYT contra embargo a Cuba"},"content":{"rendered":"<p style=\"text-align: justify;\"><img loading=\"lazy\" class=\"alignnone size-full wp-image-161955\" src=\"https:\/\/mspontocom.com.br\/site\/wp-content\/uploads\/2021\/07\/site-lula-e-chico-buarque-assinam-carta-no-nyt-contra-embargo-a-cuba-chico1-e1627031493799.jpeg\" alt=\"\" width=\"744\" height=\"406\" srcset=\"https:\/\/mspontocom.com.br\/site\/wp-content\/uploads\/2021\/07\/site-lula-e-chico-buarque-assinam-carta-no-nyt-contra-embargo-a-cuba-chico1-e1627031493799.jpeg 744w, https:\/\/mspontocom.com.br\/site\/wp-content\/uploads\/2021\/07\/site-lula-e-chico-buarque-assinam-carta-no-nyt-contra-embargo-a-cuba-chico1-e1627031493799-260x142.jpeg 260w\" sizes=\"(max-width: 744px) 100vw, 744px\" \/>An\u00fancio pago a ser publicado nesta sexta pelo jornal americano NYT critica as san\u00e7\u00f5es da Casa Branca, mas n\u00e3o traz uma linha sobre a ditadura, os presos pol\u00edticos ou a repress\u00e3o aos protestos.<\/p>\n<p style=\"text-align: justify;\">Mais de 440 ativistas, pol\u00edticos, artistas e intelectuais de diferentes pa\u00edses assinam uma\u00a0<strong>carta p\u00fablica contra o embargo dos EUA a Cuba<\/strong>, dirigida ao governo de Joe Biden, que sair\u00e1 na edi\u00e7\u00e3o do New York Times desta sexta (23), registra a Folha.<\/p>\n<p style=\"text-align: justify;\">Publicado como an\u00fancio pago no jornal sob o t\u00edtulo\u00a0<em>\u201cLet Cuba live\u201d<\/em>\u00a0(deixe Cuba viver) o texto pede que Biden reverta as san\u00e7\u00f5es impostas por seu antecessor, Donald Trump, e alega que\u00a0<em>\u201cn\u00e3o h\u00e1 raz\u00e3o para manter as pol\u00edticas de Guerra Fria que levam os EUA a tratar Cuba como um inimigo, em vez de um pa\u00eds vizinho\u201d<\/em>.<\/p>\n<p style=\"text-align: justify;\">A carta tem mais de 50 signat\u00e1rios brasileiros, entre os quais os suspeitos de sempre: Lula, Gleisi Hoffmann, Chico Buarque, o ator Wagner Moura e Frei Betto.<\/p>\n<p style=\"text-align: justify;\">O texto da carta n\u00e3o traz\u00a0 sequer um ponto sobre a ditadura, os presos pol\u00edticos, a repress\u00e3o ou a extraordin\u00e1ria incompet\u00eancia econ\u00f4mica do regime herdado dos irm\u00e3os Castro, para a qual o embargo serve de desculpa perp\u00e9tua.<\/p>\n<p style=\"text-align: justify;\">fonte: O Antagonista<\/p>\n","protected":false},"excerpt":{"rendered":"<p>An\u00fancio pago a ser publicado nesta sexta pelo jornal americano NYT critica as san\u00e7\u00f5es da Casa Branca, mas n\u00e3o traz uma linha sobre a ditadura, os presos pol\u00edticos ou a repress\u00e3o aos protestos. Mais de 440 ativistas, pol\u00edticos, artistas e intelectuais de diferentes pa\u00edses assinam uma\u00a0carta p\u00fablica contra o embargo dos EUA a Cuba, dirigida [&hellip;]<\/p>\n","protected":false},"author":2,"featured_media":161955,"comment_status":"open","ping_status":"open","sticky":false,"template":"","format":"standard","meta":{"_monsterinsights_skip_tracking":false,"_monsterinsights_sitenote_active":false,"_monsterinsights_sitenote_note":"","_monsterinsights_sitenote_category":0},"categories":[30260,7,30259],"tags":[7458,2580,8456,480],"aioseo_notices":[],"_links":{"self":[{"href":"https:\/\/mspontocom.com.br\/site\/wp-json\/wp\/v2\/posts\/161947"}],"collection":[{"href":"https:\/\/mspontocom.com.br\/site\/wp-json\/wp\/v2\/posts"}],"about":[{"href":"https:\/\/mspontocom.com.br\/site\/wp-json\/wp\/v2\/types\/post"}],"author":[{"embeddable":true,"href":"https:\/\/mspontocom.com.br\/site\/wp-json\/wp\/v2\/users\/2"}],"replies":[{"embeddable":true,"href":"https:\/\/mspontocom.com.br\/site\/wp-json\/wp\/v2\/comments?post=161947"}],"version-history":[{"count":2,"href":"https:\/\/mspontocom.com.br\/site\/wp-json\/wp\/v2\/posts\/161947\/revisions"}],"predecessor-version":[{"id":161956,"href":"https:\/\/mspontocom.com.br\/site\/wp-json\/wp\/v2\/posts\/161947\/revisions\/161956"}],"wp:featuredmedia":[{"embeddable":true,"href":"https:\/\/mspontocom.com.br\/site\/wp-json\/wp\/v2\/media\/161955"}],"wp:attachment":[{"href":"https:\/\/mspontocom.com.br\/site\/wp-json\/wp\/v2\/media?parent=161947"}],"wp:term":[{"taxonomy":"category","embeddable":true,"href":"https:\/\/mspontocom.com.br\/site\/wp-json\/wp\/v2\/categories?post=161947"},{"taxonomy":"post_tag","embeddable":true,"href":"https:\/\/mspontocom.com.br\/site\/wp-json\/wp\/v2\/tags?post=161947"}],"curies":[{"name":"wp","href":"https:\/\/api.w.org\/{rel}","templated":true}]}}